{"id":5795,"date":"2018-11-08T17:55:06","date_gmt":"2018-11-08T16:55:06","guid":{"rendered":"https:\/\/meier-gerdingh.de\/wp-spd-ob\/?p=5795"},"modified":"2018-11-09T17:58:17","modified_gmt":"2018-11-09T16:58:17","slug":"rene-pascheberg-informiert-zur-herderstrasse","status":"publish","type":"post","link":"https:\/\/meier-gerdingh.de\/wp-spd-ob\/2018\/11\/08\/rene-pascheberg-informiert-zur-herderstrasse\/","title":{"rendered":"Ren\u00e9 Pascheberg informiert zur Herderstra\u00dfe"},"content":{"rendered":"<div id=\"attachment_5411\" style=\"width: 190px\" class=\"wp-caption alignleft\"><a href=\"https:\/\/meier-gerdingh.de\/wp-spd-ob\/wp-content\/uploads\/2018\/07\/14_pascheberg_rene.jpg\"><img aria-describedby=\"caption-attachment-5411\" decoding=\"async\" class=\"size-full wp-image-5411\" src=\"https:\/\/meier-gerdingh.de\/wp-spd-ob\/wp-content\/uploads\/2018\/07\/14_pascheberg_rene.jpg\" alt=\"\" width=\"180\" height=\"180\" srcset=\"https:\/\/meier-gerdingh.de\/wp-spd-ob\/wp-content\/uploads\/2018\/07\/14_pascheberg_rene.jpg 180w, https:\/\/meier-gerdingh.de\/wp-spd-ob\/wp-content\/uploads\/2018\/07\/14_pascheberg_rene-150x150.jpg 150w\" sizes=\"(max-width: 180px) 100vw, 180px\" \/><\/a><p id=\"caption-attachment-5411\" class=\"wp-caption-text\">Ren\u00e9 Pascheberg ist Mitglied des Rates der Stadt<\/p><\/div>\n<p>Der SPD-Stadtverordnete Ren\u00e9 Pascheberg wird die ersten Ergebnisse der Pr\u00fcfung einer Aufhebung des Durchfahrtsverbots der Herderstra\u00dfe mit B\u00fcrgerinnen und B\u00fcrgern diskutieren. Der D\u00fcmptener Bezirksvertreter l\u00e4dt alle Interessierten am <strong>Mittwoch, 14. November, um 18 Uhr<\/strong> in die <strong>Gastst\u00e4tte des Kleingartenvereins an der Herderstra\u00dfe <\/strong> ein.<!--more--><\/p>\n<p>Zun\u00e4chst wird die Fachverwaltung, Bereich Verkehrsplanung, den aktuellen Stand der Pr\u00fcfung erl\u00e4utern, dann kommen die B\u00fcrgerinnen und B\u00fcrger zu Wort.<\/p>\n<p>Der Pr\u00fcfantrag der Koalition zum Durchfahrtsverbot hatte im Viertel hohe Wellen geschlagen, etliche Bef\u00fcrworter als auch Gegner hatten sich bei Pascheberg gemeldet.<\/p>\n<p>&#8222;Das Interesse der Anwohner ist gro\u00df, wir wollen den gesamten Vorgang weiterhin so transparent halten wie bisher&#8220;, erkl\u00e4rt Pascheberg, der sich \u00fcber zahlreiche Besucherinnen und Besucher freut.<\/p>\n","protected":false},"excerpt":{"rendered":"<p>Der SPD-Stadtverordnete Ren\u00e9 Pascheberg wird die ersten Ergebnisse der Pr\u00fcfung einer Aufhebung des Durchfahrtsverbots der Herderstra\u00dfe mit B\u00fcrgerinnen und B\u00fcrgern diskutieren. Der D\u00fcmptener Bezirksvertreter l\u00e4dt alle Interessierten am Mittwoch, 14.&hellip; <\/p>\n","protected":false},"author":1,"featured_media":0,"comment_status":"closed","ping_status":"closed","sticky":false,"template":"","format":"standard","meta":{"footnotes":""},"categories":[27],"tags":[422,1690,1613],"quellen":[326],"class_list":["post-5795","post","type-post","status-publish","format-standard","hentry","category-planen-bauen-wohnen-verkehr","tag-buergerversammlung","tag-durchfahrverbot","tag-herderstrasse","quellen-spd-fraktion-oberhausen"],"_links":{"self":[{"href":"https:\/\/meier-gerdingh.de\/wp-spd-ob\/wp-json\/wp\/v2\/posts\/5795","targetHints":{"allow":["GET"]}}],"collection":[{"href":"https:\/\/meier-gerdingh.de\/wp-spd-ob\/wp-json\/wp\/v2\/posts"}],"about":[{"href":"https:\/\/meier-gerdingh.de\/wp-spd-ob\/wp-json\/wp\/v2\/types\/post"}],"author":[{"embeddable":true,"href":"https:\/\/meier-gerdingh.de\/wp-spd-ob\/wp-json\/wp\/v2\/users\/1"}],"replies":[{"embeddable":true,"href":"https:\/\/meier-gerdingh.de\/wp-spd-ob\/wp-json\/wp\/v2\/comments?post=5795"}],"version-history":[{"count":0,"href":"https:\/\/meier-gerdingh.de\/wp-spd-ob\/wp-json\/wp\/v2\/posts\/5795\/revisions"}],"wp:attachment":[{"href":"https:\/\/meier-gerdingh.de\/wp-spd-ob\/wp-json\/wp\/v2\/media?parent=5795"}],"wp:term":[{"taxonomy":"category","embeddable":true,"href":"https:\/\/meier-gerdingh.de\/wp-spd-ob\/wp-json\/wp\/v2\/categories?post=5795"},{"taxonomy":"post_tag","embeddable":true,"href":"https:\/\/meier-gerdingh.de\/wp-spd-ob\/wp-json\/wp\/v2\/tags?post=5795"},{"taxonomy":"quellen","embeddable":true,"href":"https:\/\/meier-gerdingh.de\/wp-spd-ob\/wp-json\/wp\/v2\/quellen?post=5795"}],"curies":[{"name":"wp","href":"https:\/\/api.w.org\/{rel}","templated":true}]}}