{"id":5796,"date":"2018-11-08T17:58:36","date_gmt":"2018-11-08T16:58:36","guid":{"rendered":"https:\/\/meier-gerdingh.de\/wp-spd-ob\/?p=5796"},"modified":"2018-11-09T18:01:49","modified_gmt":"2018-11-09T17:01:49","slug":"mehr-uebungsmoeglichkeiten-fuer-die-feuerwehr","status":"publish","type":"post","link":"https:\/\/meier-gerdingh.de\/wp-spd-ob\/2018\/11\/08\/mehr-uebungsmoeglichkeiten-fuer-die-feuerwehr\/","title":{"rendered":"Mehr \u00dcbungsm\u00f6glichkeiten f\u00fcr die Feuerwehr"},"content":{"rendered":"<div id=\"attachment_5285\" style=\"width: 190px\" class=\"wp-caption alignleft\"><a href=\"https:\/\/meier-gerdingh.de\/wp-spd-ob\/wp-content\/uploads\/2018\/06\/14_bongers_sonja_1000.jpg\"><img aria-describedby=\"caption-attachment-5285\" decoding=\"async\" class=\"size-full wp-image-5285\" src=\"https:\/\/meier-gerdingh.de\/wp-spd-ob\/wp-content\/uploads\/2018\/06\/14_bongers_sonja.jpg\" alt=\"\" width=\"180\" height=\"180\" srcset=\"https:\/\/meier-gerdingh.de\/wp-spd-ob\/wp-content\/uploads\/2018\/06\/14_bongers_sonja.jpg 180w, https:\/\/meier-gerdingh.de\/wp-spd-ob\/wp-content\/uploads\/2018\/06\/14_bongers_sonja-150x150.jpg 150w\" sizes=\"(max-width: 180px) 100vw, 180px\" \/><\/a><p id=\"caption-attachment-5285\" class=\"wp-caption-text\">Sonja Bongers ist Mitglied des Landtags von Nordrhein-Westfalen f\u00fcr Alt-Oberhausen und Osterfeld<\/p><\/div>\n<p>&#8222;Mehr \u00dcbungsm\u00f6glichkeiten f\u00fcr die Feuerwehr. Das habe ich in meiner allerersten Plenarrede im April diesen Jahres gefordert&#8220;, berichtet die Landtagsabgeordnete und Innenpolitikerin Sonja Bongers (SPD). Damit sollen Feuerwehrz\u00fcge die Realsituation von verschiedensten Szenarien simulieren k\u00f6nnen, um dadurch bestm\u00f6glich auf den Ernstfall vorbereitet zu sein.<\/p>\n<p>Nun haben sich diese Forderungen in der heutigen Sitzung des Innenausschusses konkretisiert. Denkbar w\u00e4ren nun acht solcher Standorte in NRW, die in interkommunaler Kooperation betrieben werden sollen. Die Anreise zu diesen Standort erfolgt mit den Feuerwehrfahrzeugen des jeweiligen Zuges.<!--more--><\/p>\n<p>Als Pilotprojekt f\u00fcr die Errichtung der \u00dcbungspl\u00e4tze soll auf Vorschlag des Institutes der Feuerwehr NRW und des Verbandes der Feuerwehren in NRW e.V. ein Standort \u00f6stlich von K\u00f6ln dienen.<\/p>\n<p>&#8222;Die Feuerwehren leisten einen enormen Dienst, der uns allen n\u00fctzt und bei dem der einzelne Mitarbeiter tagt\u00e4glich Leib und Leben einsetzt. Dass sich die Feuerwehren darauf sehr gut vorbereiten k\u00f6nnen und hervorragend ausgestattet sind, ist f\u00fcr mich und meine Fraktion selbstverst\u00e4ndlich.&#8220; argumentiert die Abgeordnete.<\/p>\n","protected":false},"excerpt":{"rendered":"<p>&#8222;Mehr \u00dcbungsm\u00f6glichkeiten f\u00fcr die Feuerwehr. Das habe ich in meiner allerersten Plenarrede im April diesen Jahres gefordert&#8220;, berichtet die Landtagsabgeordnete und Innenpolitikerin Sonja Bongers (SPD). Damit sollen Feuerwehrz\u00fcge die Realsituation&hellip; <\/p>\n","protected":false},"author":1,"featured_media":0,"comment_status":"closed","ping_status":"closed","sticky":false,"template":"","format":"standard","meta":{"footnotes":""},"categories":[216,7],"tags":[278,1691,1692,158],"quellen":[1317],"class_list":["post-5796","post","type-post","status-publish","format-standard","hentry","category-land","category-sicherheit","tag-feuerwehr","tag-feuerwehr-uebungsplaetze","tag-innenausschuss-landtag-nrw","tag-interkommunale-zusammenarbeit","quellen-mdl-sonja-bongers"],"_links":{"self":[{"href":"https:\/\/meier-gerdingh.de\/wp-spd-ob\/wp-json\/wp\/v2\/posts\/5796","targetHints":{"allow":["GET"]}}],"collection":[{"href":"https:\/\/meier-gerdingh.de\/wp-spd-ob\/wp-json\/wp\/v2\/posts"}],"about":[{"href":"https:\/\/meier-gerdingh.de\/wp-spd-ob\/wp-json\/wp\/v2\/types\/post"}],"author":[{"embeddable":true,"href":"https:\/\/meier-gerdingh.de\/wp-spd-ob\/wp-json\/wp\/v2\/users\/1"}],"replies":[{"embeddable":true,"href":"https:\/\/meier-gerdingh.de\/wp-spd-ob\/wp-json\/wp\/v2\/comments?post=5796"}],"version-history":[{"count":0,"href":"https:\/\/meier-gerdingh.de\/wp-spd-ob\/wp-json\/wp\/v2\/posts\/5796\/revisions"}],"wp:attachment":[{"href":"https:\/\/meier-gerdingh.de\/wp-spd-ob\/wp-json\/wp\/v2\/media?parent=5796"}],"wp:term":[{"taxonomy":"category","embeddable":true,"href":"https:\/\/meier-gerdingh.de\/wp-spd-ob\/wp-json\/wp\/v2\/categories?post=5796"},{"taxonomy":"post_tag","embeddable":true,"href":"https:\/\/meier-gerdingh.de\/wp-spd-ob\/wp-json\/wp\/v2\/tags?post=5796"},{"taxonomy":"quellen","embeddable":true,"href":"https:\/\/meier-gerdingh.de\/wp-spd-ob\/wp-json\/wp\/v2\/quellen?post=5796"}],"curies":[{"name":"wp","href":"https:\/\/api.w.org\/{rel}","templated":true}]}}