{"id":5798,"date":"2018-11-09T15:28:27","date_gmt":"2018-11-09T14:28:27","guid":{"rendered":"https:\/\/meier-gerdingh.de\/wp-spd-ob\/?p=5798"},"modified":"2018-11-13T15:31:10","modified_gmt":"2018-11-13T14:31:10","slug":"einfuehrung-der-musterklage-ist-ein-meilenstein-fuer-den-verbraucherschutz","status":"publish","type":"post","link":"https:\/\/meier-gerdingh.de\/wp-spd-ob\/2018\/11\/09\/einfuehrung-der-musterklage-ist-ein-meilenstein-fuer-den-verbraucherschutz\/","title":{"rendered":"Einf\u00fchrung der Musterklage ist ein Meilenstein f\u00fcr den Verbraucherschutz"},"content":{"rendered":"<p>Am 1. November ist das neue Gesetz f\u00fcr Musterverfahren in Kraft getreten. Die erste Klage wird vom Bundesverband der Verbraucherzentrale in Kooperation mit dem ADAC gegen VW gef\u00fchrt. <\/p>\n<p>&#8222;Das ist eine wichtige Nachricht f\u00fcr alle get\u00e4uschten VW-Diesel-K\u00e4ufer und ein gro\u00dfer Erfolg f\u00fcr den Verbraucherschutz in diesem Land&#8220;, bewertet der Bundestagsabgeordnete Dirk V\u00f6pel (SPD) diesen Erfolg. Die SPD hat durchgesetzt, dass Verbraucherinnen und Verbraucher k\u00fcnftig nicht mehr als Einzelk\u00e4mpfer vor Gericht allein den Konzernen gegen\u00fcber stehen. Es bekommt Recht, wer Recht hat und das ohne Prozessrisiko.<!--more--><\/p>\n<p>Auch die SPD-Landtagsfraktion hat sich in D\u00fcsseldorf f\u00fcr die Musterfeststellungsklage eingesetzt. &#8222;Deshalb freuen wir uns, dass sofort nach Inkrafttreten des neuen Gesetzes vom Verbraucherzentrale-Bundesverband in Kooperation mit dem ADAC gegen VW geklagt werden wird&#8220;, bekr\u00e4ftigt die Oberhausener Landtagsabgeordnete und rechtspolitische Sprecherin Sonja Bongers (ebenfalls SPD). <\/p>\n<p>Die Einf\u00fchrung der Musterklage ist ein Meilenstein f\u00fcr den Verbraucherschutz, den die SPD im Bund durchgesetzt hat. Leider fehlte daf\u00fcr jeder politische R\u00fcckenwind durch die nordrhein-westf\u00e4lische Landesregierung im Bundesrat. CDU und FDP haben einen entsprechenden Antrag der SPD-Fraktion im Landtag, dieses zu unterst\u00fctzen, abgelehnt. <\/p>\n<p>Auch NRW-Justizminister Biesenbach, der ebenfalls stellvertretendes Mitglied im Bundesrat ist, hat bundespolitisch f\u00fcr dieses wichtige St\u00fcck Verbraucherschutz leider keinen Finger ger\u00fchrt. <\/p>\n<p>Zum Hintergrund: <\/p>\n<p>Seit dem 1. November 2018 k\u00f6nnen Verbraucherschutzverb\u00e4nde in einem Musterverfahren alle tats\u00e4chlichen und rechtlichen Sachverhalte feststellen lassen, die f\u00fcr die Durchsetzung der Schadenersatzanspr\u00fcche relevant sind. Wir freuen uns, dass der Verbraucherzentrale Bundesverband (vzbv) in Kooperation mit dem ADAC am 1. November die erste Klage nach dem neuen Gesetz gegen Volkswagen eingereicht hat.<\/p>\n<p>Verbraucherinnen und Verbraucher k\u00f6nnen sich kostenlos im Klageregister beim Bundesamt f\u00fcr Justiz zum Musterverfahren anmelden. F\u00fcr angemeldete Verbraucherinnen und Verbraucher wird die bei vielen VW-Diesel-K\u00e4ufern drohende Verj\u00e4hrung der Anspr\u00fcche zum Jahreswechsel gestoppt. <\/p>\n<p>Geht ein Musterverfahren verloren, tr\u00e4gt der klagende Verband das Kostenrisiko, nicht der Verbraucher. Verliert das verklagte Unternehmen, ist es an die Feststellungen im Urteil gebunden. <\/p>\n<p>Mit diesem Musterurteil in der Tasche kann der Verbraucher einfach seine Schadenersatzanspr\u00fcche geltend machen und ggf. einklagen. F\u00fcr einen solchen zweiten Prozess besteht dann kein Kostenrisiko, weil f\u00fcr diesen Verbraucher im Musterprozess die Voraussetzungen seiner Anspr\u00fcche festgestellt wurden.<\/p>\n<p>Weil get\u00e4uschte VW-Diesel-K\u00e4ufer \u00fcber das Musterverfahren Schadenersatz f\u00fcr Hardware-Nachr\u00fcstungen erlangen k\u00f6nnen, ist das Verfahren auch ein Beitrag, um Fahrverbote zu vermeiden.<\/p>\n","protected":false},"excerpt":{"rendered":"<p>Am 1. November ist das neue Gesetz f\u00fcr Musterverfahren in Kraft getreten. Die erste Klage wird vom Bundesverband der Verbraucherzentrale in Kooperation mit dem ADAC gegen VW gef\u00fchrt. &#8222;Das ist&hellip; <\/p>\n","protected":false},"author":1,"featured_media":0,"comment_status":"closed","ping_status":"closed","sticky":false,"template":"","format":"standard","meta":{"footnotes":""},"categories":[1693],"tags":[1700,1694,1695,1698,1697,1696,1699,1701],"quellen":[330,1317],"class_list":["post-5798","post","type-post","status-publish","format-standard","hentry","category-verbraucherschutz","tag-adac","tag-diesel-fahrverbote","tag-diesel-kaeufer","tag-musterfeststellungsklage","tag-musterklage","tag-musterverfahren","tag-verbraucherzentrale","tag-vw","quellen-mdb-dirk-voepel","quellen-mdl-sonja-bongers"],"_links":{"self":[{"href":"https:\/\/meier-gerdingh.de\/wp-spd-ob\/wp-json\/wp\/v2\/posts\/5798","targetHints":{"allow":["GET"]}}],"collection":[{"href":"https:\/\/meier-gerdingh.de\/wp-spd-ob\/wp-json\/wp\/v2\/posts"}],"about":[{"href":"https:\/\/meier-gerdingh.de\/wp-spd-ob\/wp-json\/wp\/v2\/types\/post"}],"author":[{"embeddable":true,"href":"https:\/\/meier-gerdingh.de\/wp-spd-ob\/wp-json\/wp\/v2\/users\/1"}],"replies":[{"embeddable":true,"href":"https:\/\/meier-gerdingh.de\/wp-spd-ob\/wp-json\/wp\/v2\/comments?post=5798"}],"version-history":[{"count":0,"href":"https:\/\/meier-gerdingh.de\/wp-spd-ob\/wp-json\/wp\/v2\/posts\/5798\/revisions"}],"wp:attachment":[{"href":"https:\/\/meier-gerdingh.de\/wp-spd-ob\/wp-json\/wp\/v2\/media?parent=5798"}],"wp:term":[{"taxonomy":"category","embeddable":true,"href":"https:\/\/meier-gerdingh.de\/wp-spd-ob\/wp-json\/wp\/v2\/categories?post=5798"},{"taxonomy":"post_tag","embeddable":true,"href":"https:\/\/meier-gerdingh.de\/wp-spd-ob\/wp-json\/wp\/v2\/tags?post=5798"},{"taxonomy":"quellen","embeddable":true,"href":"https:\/\/meier-gerdingh.de\/wp-spd-ob\/wp-json\/wp\/v2\/quellen?post=5798"}],"curies":[{"name":"wp","href":"https:\/\/api.w.org\/{rel}","templated":true}]}}