{"id":5799,"date":"2018-11-09T15:31:18","date_gmt":"2018-11-09T14:31:18","guid":{"rendered":"https:\/\/meier-gerdingh.de\/wp-spd-ob\/?p=5799"},"modified":"2018-11-13T15:37:11","modified_gmt":"2018-11-13T14:37:11","slug":"ein-guter-tag-fuer-die-pflege","status":"publish","type":"post","link":"https:\/\/meier-gerdingh.de\/wp-spd-ob\/2018\/11\/09\/ein-guter-tag-fuer-die-pflege\/","title":{"rendered":"Ein guter Tag f\u00fcr die Pflege"},"content":{"rendered":"<p><a href=\"https:\/\/meier-gerdingh.de\/wp-spd-ob\/wp-content\/uploads\/2018\/11\/pflege_1.png\"><img decoding=\"async\" class=\"aligncenter size-full wp-image-5797\" src=\"https:\/\/meier-gerdingh.de\/wp-spd-ob\/wp-content\/uploads\/2018\/11\/pflege_1.png\" alt=\"\" width=\"1000\" height=\"667\" srcset=\"https:\/\/meier-gerdingh.de\/wp-spd-ob\/wp-content\/uploads\/2018\/11\/pflege_1.png 1000w, https:\/\/meier-gerdingh.de\/wp-spd-ob\/wp-content\/uploads\/2018\/11\/pflege_1-300x200.png 300w, https:\/\/meier-gerdingh.de\/wp-spd-ob\/wp-content\/uploads\/2018\/11\/pflege_1-768x512.png 768w\" sizes=\"(max-width: 1000px) 100vw, 1000px\" \/><\/a><\/p>\n<div id=\"attachment_1681\" style=\"width: 150px\" class=\"wp-caption alignleft\"><a href=\"https:\/\/meier-gerdingh.de\/wp-spd-ob\/wp-content\/uploads\/voepel_dirk_mdb.jpg\"><img aria-describedby=\"caption-attachment-1681\" decoding=\"async\" class=\"size-full wp-image-1681\" src=\"https:\/\/meier-gerdingh.de\/wp-spd-ob\/wp-content\/uploads\/voepel_dirk_mdb.jpg\" alt=\"\" width=\"140\" height=\"180\" \/><\/a><p id=\"caption-attachment-1681\" class=\"wp-caption-text\">Dirk V\u00f6pel ist Bundestagsabgeordneter f\u00fcr Oberhausen und Dinslaken und Vorsitzender der Oberhausener SPD<\/p><\/div>\n<p>Der 09.11.2018 ist ein guter Tag f\u00fcr die Pflege, denn heute wird im Bundestag das Pflegepersonalst\u00e4rkungsgesetz (PpSG) verabschiedet. Mit dem Pflegepersonalst\u00e4rkungsgesetz setzen wir unser Versprechen um und verbessern sp\u00fcrbar und zeitnah die Situation in der Pflege f\u00fcr Pflegekr\u00e4fte, Pflegebed\u00fcrfte und ihre Angeh\u00f6rige.<\/p>\n<p>Mit dem Pflegepersonalst\u00e4rkungsgesetz setzen wir ein klares Zeichen, dass wir es ernst meinen mit Verbesserungen in der ambulanten und station\u00e4ren Pflege. Das Gesetz wird daf\u00fcr sorgen, dass mehr Personal eingestellt wird, dass Pflege besser bezahlt wird und dass sich die Arbeitsbedingungen in der Pflege verbessern.<\/p>\n<p>Die SPD hat erfreulicherweise in den Verhandlungen weit mehr erreichen k\u00f6nnen, als wir im Koalitionsvertrag vereinbart haben. Damit kommt der Pflege endlich der Stellenwert zu, den sie verdient hat \u2013 denn wir alle wollen uns im Bedarfsfall darauf verlassen k\u00f6nnen, gut gepflegt zu werden.<!--more--><\/p>\n<p>Wir verbessern sofort die Personalausstattung in der Krankenhaus-Pflege. K\u00fcnftig wird jede zus\u00e4tzliche und jede aufgestockte Pflegestelle am Bett vollst\u00e4ndig refinanziert. Hierf\u00fcr gibt es keinen Deckel, sodass wir mit einer deutlichen Personalaufstockung rechnen. Au\u00dferdem werden k\u00fcnftig Tarifsteigerungen f\u00fcr das Pflegepersonal im Krankenhaus vollst\u00e4ndig refinanziert.<\/p>\n<p>Mit der Auslagerung der Pflegekosten aus den Fallpauschalen sorgen wir f\u00fcr eine vollst\u00e4ndige Kostenerstattung und mehr Transparenz.<\/p>\n<p>F\u00fcr Krankenh\u00e4user wird der Strukturfonds f\u00fcr weitere vier Jahre bis 2022 fortgesetzt, sodass j\u00e4hrlich 500 Mio. Euro f\u00fcr strukturverbessernde Vorhaben aus dem Gesundheitsfonds zur Verf\u00fcgung gestellt werden.<\/p>\n<p>Anstelle des Pflegezuschlags werden 200 Mio. Euro in die Landesbasisfallwerte \u00fcberf\u00fchrt und kommen damit allen Krankenh\u00e4usern zugute. Weitere 50 Mio. Euro werden f\u00fcr die F\u00f6rderung von bedarfsnotwendigen Krankenh\u00e4usern in l\u00e4ndlichen Regionen bereitgestellt.<\/p>\n<p>In der Altenpflege werden 13.000 zus\u00e4tzliche Stellen von den Krankenkassen finanziert. Pflegebed\u00fcrftige werden hierf\u00fcr finanziell nicht weiter belastet. Zur Finanzierung werden 640 Mio. Euro von den Krankenkassen bereitgestellt.<\/p>\n<p>Die SPD hat durchgesetzt, dass endlich auch bei der Honorierung der h\u00e4uslichen Krankenpflege Tarifl\u00f6hne von den Krankenkassen anerkannt und bezahlt werden m\u00fcssen.<\/p>\n<p>Pflegende Angeh\u00f6rige und Pflegebed\u00fcrftige werden schnell Verbesserungen im Alltag sp\u00fcren. Fahrtkosten f\u00fcr ambulante Behandlungen f\u00fcr pflegebed\u00fcrftige oder behinderte Patienten gelten k\u00fcnftig generell als genehmigt. Es entf\u00e4llt das langwierige Genehmigungsverfahren. Das ist eine echte Erleichterung f\u00fcr die Betroffenen.<\/p>\n<p>Pflegende Angeh\u00f6rige k\u00f6nnen k\u00fcnftig nach \u00e4rztlicher Verordnung eine station\u00e4re Rehabilitation in Anspruch nehmen. Der zu Pflegende kann entweder in der Rehaklinik betreut werden oder die Krankenkasse muss f\u00fcr die Zeit des Aufenthalts eine Versorgung koordinieren. Wir rechnen damit, dass k\u00fcnftig mehr pflegende Angeh\u00f6rige die M\u00f6glichkeiten der Reha nutzen.<\/p>\n","protected":false},"excerpt":{"rendered":"<p>Der 09.11.2018 ist ein guter Tag f\u00fcr die Pflege, denn heute wird im Bundestag das Pflegepersonalst\u00e4rkungsgesetz (PpSG) verabschiedet. Mit dem Pflegepersonalst\u00e4rkungsgesetz setzen wir unser Versprechen um und verbessern sp\u00fcrbar und&hellip; <\/p>\n","protected":false},"author":1,"featured_media":0,"comment_status":"closed","ping_status":"closed","sticky":false,"template":"","format":"standard","meta":{"footnotes":""},"categories":[297],"tags":[1592,714,1710,1711,1704,472,1706,1703,1709,1705,1702,1707,715,1708],"quellen":[330],"class_list":["post-5799","post","type-post","status-publish","format-standard","hentry","category-gesundheit","tag-altenpflege","tag-ambulante-pflege","tag-fahrtkosten","tag-haeusliche-pflege","tag-krankenpflege","tag-pflege","tag-pflegebeduerftige","tag-pflegekosten","tag-pflegekraefte","tag-pflegende-angehoerige","tag-pflegepersonalstaerkungsgesetz","tag-reha","tag-stationaere-pflege","tag-tarifloehne","quellen-mdb-dirk-voepel"],"_links":{"self":[{"href":"https:\/\/meier-gerdingh.de\/wp-spd-ob\/wp-json\/wp\/v2\/posts\/5799","targetHints":{"allow":["GET"]}}],"collection":[{"href":"https:\/\/meier-gerdingh.de\/wp-spd-ob\/wp-json\/wp\/v2\/posts"}],"about":[{"href":"https:\/\/meier-gerdingh.de\/wp-spd-ob\/wp-json\/wp\/v2\/types\/post"}],"author":[{"embeddable":true,"href":"https:\/\/meier-gerdingh.de\/wp-spd-ob\/wp-json\/wp\/v2\/users\/1"}],"replies":[{"embeddable":true,"href":"https:\/\/meier-gerdingh.de\/wp-spd-ob\/wp-json\/wp\/v2\/comments?post=5799"}],"version-history":[{"count":0,"href":"https:\/\/meier-gerdingh.de\/wp-spd-ob\/wp-json\/wp\/v2\/posts\/5799\/revisions"}],"wp:attachment":[{"href":"https:\/\/meier-gerdingh.de\/wp-spd-ob\/wp-json\/wp\/v2\/media?parent=5799"}],"wp:term":[{"taxonomy":"category","embeddable":true,"href":"https:\/\/meier-gerdingh.de\/wp-spd-ob\/wp-json\/wp\/v2\/categories?post=5799"},{"taxonomy":"post_tag","embeddable":true,"href":"https:\/\/meier-gerdingh.de\/wp-spd-ob\/wp-json\/wp\/v2\/tags?post=5799"},{"taxonomy":"quellen","embeddable":true,"href":"https:\/\/meier-gerdingh.de\/wp-spd-ob\/wp-json\/wp\/v2\/quellen?post=5799"}],"curies":[{"name":"wp","href":"https:\/\/api.w.org\/{rel}","templated":true}]}}