{"id":58,"date":"2002-01-25T17:00:00","date_gmt":"2002-01-25T15:00:00","guid":{"rendered":"http:\/\/www.meier-gerdingh.de\/spd-oberhausen\/wp\/?p=58"},"modified":"2017-05-12T09:31:00","modified_gmt":"2017-05-12T07:31:00","slug":"spd-fraktion-beantragt-berichterstattung","status":"publish","type":"post","link":"https:\/\/meier-gerdingh.de\/wp-spd-ob\/2002\/01\/25\/spd-fraktion-beantragt-berichterstattung\/","title":{"rendered":"SPD-Fraktion beantragt Berichterstattung"},"content":{"rendered":"<div style=\"width: 150px\" class=\"wp-caption alignleft\"><a href=\"http:\/\/meier-gerdingh.de\/wp-spd-ob\/wp-content\/uploads\/bert_brecht_haus.jpg\"><img decoding=\"async\" class=\"size-full\" src=\"http:\/\/meier-gerdingh.de\/wp-spd-ob\/wp-content\/uploads\/bert_brecht_haus.jpg\" alt=\"Bert-Brecht-Haus\" width=\"140\" height=\"188\" \/><\/a><p class=\"wp-caption-text\">Bert-Brecht-Haus<\/p><\/div>\n<p>Die Verwaltung soll auf der n\u00e4chsten Sitzung des Kulturausschusses am 5. Februar \u00fcber den aktuellen Sachstand der Planungen zur Neukonzeption des Bert-Brecht-Hauses berichten. Einen entsprechenden Antrag auf Erg\u00e4nzung der Tagesordnung beschloss der Arbeitskreis Kultur der SPD-Fraktion.<!--more--><\/p>\n<p>Bekanntlich hatte die Verwaltung Ende September die urspr\u00fcngliche Ratsvorlage &#8222;Neukonzeption des Bert-Brecht-Hauses&#8220; zur\u00fcckgezogen und gleichzeitig eine verwaltungsinterne Arbeitsgruppe eingesetzt, die sich insbesondere mit den finanziellen Aspekten dieses Projektes befassen sollte. &#8222;Nach knapp vier Monaten wollen wir dem Kulturausschuss Gelegenheit geben, sich \u00fcber den aktuellen Sachstand zu informieren&#8220;, so der neue kulturpolitische Sprecher der SPD-Fraktion Manfred Flore.<\/p>\n<p>Manfred Flore erinnert daran, dass der Umbau des Bert-Brecht-Hauses ein zentrales Vorhaben der Oberhausener SPD in dieser Wahlperiode ist. &#8222;Deshalb erwarten wir von der Verwaltung nicht nur Aussagen zu m\u00f6glichen Finanzierungsmodellen, sondern auch Hinweise \u00fcber die Zeitplanung und die Modalit\u00e4ten des Umbaus.&#8220;<\/p>\n<p>Manfred Flore bekr\u00e4ftigt f\u00fcr die SPD-Kulturpolitiker, dass die im Sp\u00e4tsommer von der Verwaltung vorgelegte Planung die ma\u00dfgebliche Grundlage f\u00fcr die beabsichtigte Neukonzeption darstellt.<\/p>\n<p>Eine klare Absage erteilen die Sozialdemokraten erneut dem CDU-Vorschlag, die Ladenlokale im Erdgeschoss des Bert-Brecht-Hauses aufzugeben. &#8222;Mit uns Sozialdemokraten ist das auf keinen Fall zu machen. Wir wollen eine St\u00e4rkung und keine Schw\u00e4chung der gut eingef\u00fchrten Einkaufszeile auf der Langemarkstra\u00dfe&#8220;, so Flore abschlie\u00dfend.<\/p>\n","protected":false},"excerpt":{"rendered":"<p>Die Verwaltung soll auf der n\u00e4chsten Sitzung des Kulturausschusses am 5. Februar \u00fcber den aktuellen Sachstand der Planungen zur Neukonzeption des Bert-Brecht-Hauses berichten. Einen entsprechenden Antrag auf Erg\u00e4nzung der Tagesordnung&hellip; <\/p>\n","protected":false},"author":1,"featured_media":0,"comment_status":"closed","ping_status":"closed","sticky":false,"template":"","format":"standard","meta":{"footnotes":""},"categories":[1],"tags":[],"quellen":[],"class_list":["post-58","post","type-post","status-publish","format-standard","hentry","category-allgemein"],"_links":{"self":[{"href":"https:\/\/meier-gerdingh.de\/wp-spd-ob\/wp-json\/wp\/v2\/posts\/58","targetHints":{"allow":["GET"]}}],"collection":[{"href":"https:\/\/meier-gerdingh.de\/wp-spd-ob\/wp-json\/wp\/v2\/posts"}],"about":[{"href":"https:\/\/meier-gerdingh.de\/wp-spd-ob\/wp-json\/wp\/v2\/types\/post"}],"author":[{"embeddable":true,"href":"https:\/\/meier-gerdingh.de\/wp-spd-ob\/wp-json\/wp\/v2\/users\/1"}],"replies":[{"embeddable":true,"href":"https:\/\/meier-gerdingh.de\/wp-spd-ob\/wp-json\/wp\/v2\/comments?post=58"}],"version-history":[{"count":0,"href":"https:\/\/meier-gerdingh.de\/wp-spd-ob\/wp-json\/wp\/v2\/posts\/58\/revisions"}],"wp:attachment":[{"href":"https:\/\/meier-gerdingh.de\/wp-spd-ob\/wp-json\/wp\/v2\/media?parent=58"}],"wp:term":[{"taxonomy":"category","embeddable":true,"href":"https:\/\/meier-gerdingh.de\/wp-spd-ob\/wp-json\/wp\/v2\/categories?post=58"},{"taxonomy":"post_tag","embeddable":true,"href":"https:\/\/meier-gerdingh.de\/wp-spd-ob\/wp-json\/wp\/v2\/tags?post=58"},{"taxonomy":"quellen","embeddable":true,"href":"https:\/\/meier-gerdingh.de\/wp-spd-ob\/wp-json\/wp\/v2\/quellen?post=58"}],"curies":[{"name":"wp","href":"https:\/\/api.w.org\/{rel}","templated":true}]}}