{"id":580,"date":"2007-05-03T16:00:00","date_gmt":"2007-05-03T14:00:00","guid":{"rendered":"http:\/\/www.meier-gerdingh.de\/spd-oberhausen\/wp\/?p=580"},"modified":"2017-05-14T15:27:27","modified_gmt":"2017-05-14T13:27:27","slug":"spd-diskutiert-ueber-die-zukunft-der-europaeischen-union","status":"publish","type":"post","link":"https:\/\/meier-gerdingh.de\/wp-spd-ob\/2007\/05\/03\/spd-diskutiert-ueber-die-zukunft-der-europaeischen-union\/","title":{"rendered":"SPD diskutiert \u00fcber die Zukunft der Europ\u00e4ischen Union"},"content":{"rendered":"<div style=\"width: 150px\" class=\"wp-caption alignleft\"><a href=\"http:\/\/meier-gerdingh.de\/wp-spd-ob\/wp-content\/uploads\/haensch_klaus.jpg\"><img decoding=\"async\" class=\"size-full\" src=\"http:\/\/meier-gerdingh.de\/wp-spd-ob\/wp-content\/uploads\/haensch_klaus.jpg\" alt=\"Der ehemalige Pr\u00e4sident des Europ\u00e4ischen Parlaments Klaus H\u00e4nsch, Europaabgeordneter seit 1979\" width=\"140\" height=\"185\" \/><\/a><p class=\"wp-caption-text\">Der ehemalige Pr\u00e4sident des Europ\u00e4ischen Parlaments Klaus H\u00e4nsch, Europaabgeordneter seit 1979<\/p><\/div>\n<p>Zum 50. Jahrestag der R\u00f6mischen Vertr\u00e4ge, der Berliner Erkl\u00e4rung zur Zukunft Europas sowie einen Tag nach dem Europatag 2007 laden die SPD-Ortsvereine Sterkrade-S\u00fcd, Sterkrade-Nord und Alsfeld-Holten zu einer gemeinsamen \u00f6ffentlichen Versammlung ein. Mit Klaus H\u00e4nsch, dem f\u00fcr Oberhausen zust\u00e4ndigen Europaabgeordneten und ehemaligen Pr\u00e4sidenten des Europaparlaments, soll \u00fcber Fragen der Neuausrichtung der europ\u00e4ischen Politik sowie \u00fcber die Notwendigkeit verst\u00e4rkter wirtschaftlicher und sozialer Zusammenarbeit diskutiert werden. Daneben wollen sich die Sozialdemokraten \u00fcber die aktuelle Arbeit an dem ins Stocken geratenen verfassungsgebenden Prozess sowie \u00fcber die Entwicklung der Europ\u00e4ischen Union von einer Wirtschaftsgemeinschaft zu einer politischen Union informieren. Alle Interessierten sind herzlich eingeladen.<!--more--><\/p>\n<p><b>Veranstaltung:<\/b><br \/>\n50 Jahre R\u00f6mische Vertr\u00e4ge<br \/>\n&#8211; Wie geht es weiter mit Europa? &#8211;<\/p>\n<p><b>Referent:<\/b><br \/>\nDr. Klaus H\u00e4nsch<br \/>\n&#8211; MdEP und ehemaliger Pr\u00e4sident des Europ\u00e4ischen Parlamts &#8211;<\/p>\n<p><b>Datum:<\/b><br \/>\nDonnerstag, 10. Mai 2007,<br \/>\nab 18.30 Uhr<\/p>\n<p><b>Ort:<\/b><br \/>\nGastst\u00e4tte &#8222;Zum Alsfeld&#8220;,<br \/>\nWeseler Stra\u00dfe 152,<br \/>\n46147 Oberhausen<\/p>\n","protected":false},"excerpt":{"rendered":"<p>Zum 50. Jahrestag der R\u00f6mischen Vertr\u00e4ge, der Berliner Erkl\u00e4rung zur Zukunft Europas sowie einen Tag nach dem Europatag 2007 laden die SPD-Ortsvereine Sterkrade-S\u00fcd, Sterkrade-Nord und Alsfeld-Holten zu einer gemeinsamen \u00f6ffentlichen&hellip; <\/p>\n","protected":false},"author":1,"featured_media":0,"comment_status":"closed","ping_status":"closed","sticky":false,"template":"","format":"standard","meta":{"footnotes":""},"categories":[1],"tags":[],"quellen":[],"class_list":["post-580","post","type-post","status-publish","format-standard","hentry","category-allgemein"],"_links":{"self":[{"href":"https:\/\/meier-gerdingh.de\/wp-spd-ob\/wp-json\/wp\/v2\/posts\/580","targetHints":{"allow":["GET"]}}],"collection":[{"href":"https:\/\/meier-gerdingh.de\/wp-spd-ob\/wp-json\/wp\/v2\/posts"}],"about":[{"href":"https:\/\/meier-gerdingh.de\/wp-spd-ob\/wp-json\/wp\/v2\/types\/post"}],"author":[{"embeddable":true,"href":"https:\/\/meier-gerdingh.de\/wp-spd-ob\/wp-json\/wp\/v2\/users\/1"}],"replies":[{"embeddable":true,"href":"https:\/\/meier-gerdingh.de\/wp-spd-ob\/wp-json\/wp\/v2\/comments?post=580"}],"version-history":[{"count":0,"href":"https:\/\/meier-gerdingh.de\/wp-spd-ob\/wp-json\/wp\/v2\/posts\/580\/revisions"}],"wp:attachment":[{"href":"https:\/\/meier-gerdingh.de\/wp-spd-ob\/wp-json\/wp\/v2\/media?parent=580"}],"wp:term":[{"taxonomy":"category","embeddable":true,"href":"https:\/\/meier-gerdingh.de\/wp-spd-ob\/wp-json\/wp\/v2\/categories?post=580"},{"taxonomy":"post_tag","embeddable":true,"href":"https:\/\/meier-gerdingh.de\/wp-spd-ob\/wp-json\/wp\/v2\/tags?post=580"},{"taxonomy":"quellen","embeddable":true,"href":"https:\/\/meier-gerdingh.de\/wp-spd-ob\/wp-json\/wp\/v2\/quellen?post=580"}],"curies":[{"name":"wp","href":"https:\/\/api.w.org\/{rel}","templated":true}]}}