{"id":5800,"date":"2018-11-13T15:40:11","date_gmt":"2018-11-13T14:40:11","guid":{"rendered":"https:\/\/meier-gerdingh.de\/wp-spd-ob\/?p=5800"},"modified":"2019-02-05T16:22:08","modified_gmt":"2019-02-05T15:22:08","slug":"strassenbaubeitraege-abschaffen","status":"publish","type":"post","link":"https:\/\/meier-gerdingh.de\/wp-spd-ob\/2018\/11\/13\/strassenbaubeitraege-abschaffen\/","title":{"rendered":"Stra\u00dfenbaubeitr\u00e4ge abschaffen"},"content":{"rendered":"<div id=\"attachment_5039\" style=\"width: 170px\" class=\"wp-caption alignleft\"><a href=\"https:\/\/meier-gerdingh.de\/wp-spd-ob\/wp-content\/uploads\/2018\/03\/real_ulrich_14_w.jpg\"><img aria-describedby=\"caption-attachment-5039\" decoding=\"async\" class=\"size-full wp-image-5039\" src=\"https:\/\/meier-gerdingh.de\/wp-spd-ob\/wp-content\/uploads\/2018\/03\/real_ulrich_14_w.jpg\" alt=\"\" width=\"160\" height=\"190\" \/><\/a><p id=\"caption-attachment-5039\" class=\"wp-caption-text\">Ulrich Real ist planungspolitischer Sprecher der SPD-Ratsfraktion und Bezirksb\u00fcrgermeister von Sterkrade<\/p><\/div>\n<p>Uneingeschr\u00e4nkte Unterst\u00fctzung findet die geplante Gesetzesinitiative der SPD-Landtagsfraktion, die Stra\u00dfenbaubeitr\u00e4ge f\u00fcr Grundst\u00fcckseigent\u00fcmer abzuschaffen, beim Bezirksb\u00fcrgermeister und planungspolitischen Sprecher der SPD-Ratsfraktion Ulrich Real. Allerdings d\u00fcrfe dies nicht dazu f\u00fchren, dass den Kommunen mehr Kosten aufgeb\u00fcrdet werden.<\/p>\n<p>Als Bezirksb\u00fcrgermeister leitet Real die B\u00fcrgerversammlungen zum Stra\u00dfenaus- oder -umbau im Stadtbezirk Sterkrade. Gegen Ende jeder Planungsvorstellung kommt die entscheidende Frage aus der B\u00fcrgerschaft: Was kostet das alles und wer muss es bezahlen? Wenn dann die Verwaltung erkl\u00e4rt, dass teilweise bis zu 80 Prozent der Kosten auf die Anlieger umgelegt werden k\u00f6nnen, sehen sich viele \u00c4ltere um ihre Ersparnisse gebracht.<!--more--><\/p>\n<p>&#8222;Das k\u00f6nnen wir mit unserer Rente nicht bezahlen&#8220;, ist ein oft geh\u00f6rter Satz. &#8222;In jeder B\u00fcrgerversammlung zu Stra\u00dfenausbauten wird diese Angst der Menschen f\u00f6rmlich greifbar&#8220;, erkl\u00e4rt Ulrich Real.<\/p>\n<p>Besonders \u00e4rgerlich findet er dann den Verwaltungshinweis, dass man die Beitr\u00e4ge ja erst nach Abschluss der Stra\u00dfenbauma\u00dfnahme bezahlen m\u00fcsse und jetzt schon einmal anfangen k\u00f6nne zu sparen. &#8222;Die Kostenbescheide k\u00f6nnen sich je nach Grundst\u00fccksgr\u00f6\u00dfe und -lage auf 10.000 Euro und mehr belaufen&#8220;, so Real weiter. &#8222;So viel Geld spart man nicht mal eben in vier Jahren zusammen.&#8220;<\/p>\n<p>Kritisch sieht der SPD-Bezirksb\u00fcrgermeister auch die Tatsache, dass die Stra\u00dfenbaubeitr\u00e4ge in Deutschland nicht einheitlich erhoben werden. In Baden-W\u00fcrttemberg und Berlin werden keine Stra\u00dfenausbaubeitr\u00e4ge mehr erhoben, in Bayern wurden sie im Juni sogar g\u00e4nzlich abgeschafft.<\/p>\n<p>&#8222;Wer sich zur eigenen Daseinsvorsorge ein kleines Haus gebaut hat, darf sp\u00e4ter nicht durch solche unplanbaren Geb\u00fchrenbescheide um sein Erspartes gebracht werden&#8220;, bringt Real seine Zustimmung f\u00fcr die Gesetzesinitiative auf den Punkt.<\/p>\n","protected":false},"excerpt":{"rendered":"<p>Uneingeschr\u00e4nkte Unterst\u00fctzung findet die geplante Gesetzesinitiative der SPD-Landtagsfraktion, die Stra\u00dfenbaubeitr\u00e4ge f\u00fcr Grundst\u00fcckseigent\u00fcmer abzuschaffen, beim Bezirksb\u00fcrgermeister und planungspolitischen Sprecher der SPD-Ratsfraktion Ulrich Real. Allerdings d\u00fcrfe dies nicht dazu f\u00fchren, dass den&hellip; <\/p>\n","protected":false},"author":1,"featured_media":0,"comment_status":"closed","ping_status":"closed","sticky":false,"template":"","format":"standard","meta":{"footnotes":""},"categories":[27],"tags":[422,961,1717,1712,1395],"quellen":[326],"class_list":["post-5800","post","type-post","status-publish","format-standard","hentry","category-planen-bauen-wohnen-verkehr","tag-buergerversammlung","tag-spd-landtagsfraktion","tag-strassenausbaubeitraege","tag-strassenbaubeitraege","tag-strassenbaumassnahmen","quellen-spd-fraktion-oberhausen"],"_links":{"self":[{"href":"https:\/\/meier-gerdingh.de\/wp-spd-ob\/wp-json\/wp\/v2\/posts\/5800","targetHints":{"allow":["GET"]}}],"collection":[{"href":"https:\/\/meier-gerdingh.de\/wp-spd-ob\/wp-json\/wp\/v2\/posts"}],"about":[{"href":"https:\/\/meier-gerdingh.de\/wp-spd-ob\/wp-json\/wp\/v2\/types\/post"}],"author":[{"embeddable":true,"href":"https:\/\/meier-gerdingh.de\/wp-spd-ob\/wp-json\/wp\/v2\/users\/1"}],"replies":[{"embeddable":true,"href":"https:\/\/meier-gerdingh.de\/wp-spd-ob\/wp-json\/wp\/v2\/comments?post=5800"}],"version-history":[{"count":0,"href":"https:\/\/meier-gerdingh.de\/wp-spd-ob\/wp-json\/wp\/v2\/posts\/5800\/revisions"}],"wp:attachment":[{"href":"https:\/\/meier-gerdingh.de\/wp-spd-ob\/wp-json\/wp\/v2\/media?parent=5800"}],"wp:term":[{"taxonomy":"category","embeddable":true,"href":"https:\/\/meier-gerdingh.de\/wp-spd-ob\/wp-json\/wp\/v2\/categories?post=5800"},{"taxonomy":"post_tag","embeddable":true,"href":"https:\/\/meier-gerdingh.de\/wp-spd-ob\/wp-json\/wp\/v2\/tags?post=5800"},{"taxonomy":"quellen","embeddable":true,"href":"https:\/\/meier-gerdingh.de\/wp-spd-ob\/wp-json\/wp\/v2\/quellen?post=5800"}],"curies":[{"name":"wp","href":"https:\/\/api.w.org\/{rel}","templated":true}]}}