{"id":5801,"date":"2018-11-13T15:42:29","date_gmt":"2018-11-13T14:42:29","guid":{"rendered":"https:\/\/meier-gerdingh.de\/wp-spd-ob\/?p=5801"},"modified":"2018-12-06T17:03:46","modified_gmt":"2018-12-06T16:03:46","slug":"soziale-verantwortung-wahrnehmen","status":"publish","type":"post","link":"https:\/\/meier-gerdingh.de\/wp-spd-ob\/2018\/11\/13\/soziale-verantwortung-wahrnehmen\/","title":{"rendered":"Soziale Verantwortung wahrnehmen"},"content":{"rendered":"<div id=\"attachment_1410\" style=\"width: 150px\" class=\"wp-caption alignleft\"><a href=\"https:\/\/meier-gerdingh.de\/wp-spd-ob\/wp-content\/uploads\/grosse_broemer_wolfgang_14.jpg\"><img aria-describedby=\"caption-attachment-1410\" decoding=\"async\" class=\"size-full wp-image-1410\" src=\"https:\/\/meier-gerdingh.de\/wp-spd-ob\/wp-content\/uploads\/grosse_broemer_wolfgang_14.jpg\" alt=\"\" width=\"140\" height=\"169\" \/><\/a><p id=\"caption-attachment-1410\" class=\"wp-caption-text\">Wolfgang Gro\u00dfe Br\u00f6mer ist Vorsitzender der SPD-Ratsfraktion<\/p><\/div>\n<p>Den von der CDU im Finanz- und Personalausschuss angemeldeten Beratungsbedarf zur Erh\u00f6hung der Einkommensgrenze in der Elternbeitragssatzung f\u00fcr Kindertageseinrichtungen und f\u00fcr den Offenen Ganztag an Grundschulen kann SPD-Fraktionschef Wolfgang Gro\u00dfe Br\u00f6mer nicht nachvollziehen.<\/p>\n<p>Der \u00c4nderungsantrag der Koalition sieht vor, die Einkommensgrenzen zur Beitragsbemessung von 15.000 auf 20.000 Euro im Jahr zu erh\u00f6hen. Dies w\u00fcrde die Stadt voraussichtlich 320.000 Euro im Jahr kosten. &#8222;Aber wir geben das Geld an der richtigen Stelle aus, da gerade die einkommensschw\u00e4chsten Familien in unserer Stadt profitieren, und hier vor allem die Kinder&#8220;, erkl\u00e4rt Gro\u00dfe Br\u00f6mer.<!--more--><\/p>\n<p>&#8222;Wenn es uns wirklich ernst ist damit, dass wir kein Kind wegen seiner sozialen Herkunft zur\u00fccklassen wollen, dann muss die Stadt diesen Schritt in Richtung Chancengleichheit gehen&#8220;, so der Fraktionsvorsitzende. &#8222;Wir wollen hoffen, dass sich diese Einsicht bei der CDU auch bis zur Ratssitzung am Montag einstellt.&#8220;<\/p>\n","protected":false},"excerpt":{"rendered":"<p>Den von der CDU im Finanz- und Personalausschuss angemeldeten Beratungsbedarf zur Erh\u00f6hung der Einkommensgrenze in der Elternbeitragssatzung f\u00fcr Kindertageseinrichtungen und f\u00fcr den Offenen Ganztag an Grundschulen kann SPD-Fraktionschef Wolfgang Gro\u00dfe&hellip; <\/p>\n","protected":false},"author":1,"featured_media":0,"comment_status":"closed","ping_status":"closed","sticky":false,"template":"","format":"standard","meta":{"footnotes":""},"categories":[179],"tags":[1715,1714,1713,1716,164,1509],"quellen":[326],"class_list":["post-5801","post","type-post","status-publish","format-standard","hentry","category-kinder-und-jugendliche","tag-einkommensgrenze","tag-elternbeitraege-kte","tag-elternbeitraege-ogs","tag-elternbeitragssatzung","tag-kindertageseinrichtungen","tag-offener-ganztag-ogs","quellen-spd-fraktion-oberhausen"],"_links":{"self":[{"href":"https:\/\/meier-gerdingh.de\/wp-spd-ob\/wp-json\/wp\/v2\/posts\/5801","targetHints":{"allow":["GET"]}}],"collection":[{"href":"https:\/\/meier-gerdingh.de\/wp-spd-ob\/wp-json\/wp\/v2\/posts"}],"about":[{"href":"https:\/\/meier-gerdingh.de\/wp-spd-ob\/wp-json\/wp\/v2\/types\/post"}],"author":[{"embeddable":true,"href":"https:\/\/meier-gerdingh.de\/wp-spd-ob\/wp-json\/wp\/v2\/users\/1"}],"replies":[{"embeddable":true,"href":"https:\/\/meier-gerdingh.de\/wp-spd-ob\/wp-json\/wp\/v2\/comments?post=5801"}],"version-history":[{"count":0,"href":"https:\/\/meier-gerdingh.de\/wp-spd-ob\/wp-json\/wp\/v2\/posts\/5801\/revisions"}],"wp:attachment":[{"href":"https:\/\/meier-gerdingh.de\/wp-spd-ob\/wp-json\/wp\/v2\/media?parent=5801"}],"wp:term":[{"taxonomy":"category","embeddable":true,"href":"https:\/\/meier-gerdingh.de\/wp-spd-ob\/wp-json\/wp\/v2\/categories?post=5801"},{"taxonomy":"post_tag","embeddable":true,"href":"https:\/\/meier-gerdingh.de\/wp-spd-ob\/wp-json\/wp\/v2\/tags?post=5801"},{"taxonomy":"quellen","embeddable":true,"href":"https:\/\/meier-gerdingh.de\/wp-spd-ob\/wp-json\/wp\/v2\/quellen?post=5801"}],"curies":[{"name":"wp","href":"https:\/\/api.w.org\/{rel}","templated":true}]}}