{"id":5811,"date":"2018-11-16T13:33:37","date_gmt":"2018-11-16T12:33:37","guid":{"rendered":"https:\/\/meier-gerdingh.de\/wp-spd-ob\/?p=5811"},"modified":"2018-11-19T13:39:03","modified_gmt":"2018-11-19T12:39:03","slug":"luftqualitaet-verbessern-und-fahrverbote-vermeiden","status":"publish","type":"post","link":"https:\/\/meier-gerdingh.de\/wp-spd-ob\/2018\/11\/16\/luftqualitaet-verbessern-und-fahrverbote-vermeiden\/","title":{"rendered":"Luftqualit\u00e4t verbessern und Fahrverbote vermeiden"},"content":{"rendered":"<div id=\"attachment_4242\" style=\"width: 150px\" class=\"wp-caption alignleft\"><a href=\"https:\/\/meier-gerdingh.de\/wp-spd-ob\/wp-content\/uploads\/2017\/05\/zimkeit_stefan_17.jpg\"><img aria-describedby=\"caption-attachment-4242\" decoding=\"async\" class=\"size-full wp-image-4242\" src=\"https:\/\/meier-gerdingh.de\/wp-spd-ob\/wp-content\/uploads\/2017\/05\/zimkeit_stefan_17.jpg\" alt=\"\" width=\"140\" height=\"192\" \/><\/a><p id=\"caption-attachment-4242\" class=\"wp-caption-text\">Stefan Zimkeit ist Landtagsabgeordneter f\u00fcr Oberhausen-Sterkrade und Dinslaken sowie finanzpolitischer Sprecher der SPD-Landtagsfraktion<\/p><\/div>\n<p>&#8222;Wenn nicht schleunigst die Luftqualit\u00e4t verbessert wird, drohen auch f\u00fcr Oberhausen Fahrverbote&#8220;, sagt Stefan Zimkeit nach dem Gerichtsurteil, das Essen und Gelsenkirchen betrifft. Der SPD-Abgeordnete kritisiert die Tatenlosigkeit der Landesregierung mit deutlichen Worten.<\/p>\n<p>&#8222;Es ist Politikverweigerung, wenn die CDU-FDP-Koalition glaubt, mit dem Einlegen einer Berufung beim Gericht h\u00e4tte man den entscheidenden Schritt getan. Aufgabe der Landesregierung ist nicht der Streit mit den Richtern. Sondern sie muss daf\u00fcr sorgen, dass die Stickoxid-Belastung in den Innenst\u00e4dten so absinkt, dass keine Fahrverbote notwendig werden&#8220;, betont Stefan Zimkeit.<!--more--><\/p>\n<p>&#8222;Gerade bei uns im Ruhrgebiet ben\u00f6tigen wir massive Investitionen in den \u00f6ffentlichen Nahverkehr. Die Busse m\u00fcssen h\u00e4ufiger fahren, und insbesondere stadt\u00fcbergreifende Tickets sind zu teuer. Es darf nicht sein, dass die Landesregierung die St\u00e4dte mit dieser Problematik alleine l\u00e4sst.&#8220;<\/p>\n<p>Zimkeit weist darauf hin, dass die Deutsche Umwelthilfe angek\u00fcndigt hat, noch in diesem Monat Klage bei Gericht einreichen zu wollen, um f\u00fcr Oberhausen eine bessere Luftqualit\u00e4t zu erreichen. &#8222;Schon jetzt ist absehbar, welche Folgen das Gerichtsurteil haben kann. Deswegen muss sofort gehandelt werden&#8220;, fordert Zimkeit die Landesregierung auf.<\/p>\n","protected":false},"excerpt":{"rendered":"<p>&#8222;Wenn nicht schleunigst die Luftqualit\u00e4t verbessert wird, drohen auch f\u00fcr Oberhausen Fahrverbote&#8220;, sagt Stefan Zimkeit nach dem Gerichtsurteil, das Essen und Gelsenkirchen betrifft. Der SPD-Abgeordnete kritisiert die Tatenlosigkeit der Landesregierung&hellip; <\/p>\n","protected":false},"author":1,"featured_media":0,"comment_status":"closed","ping_status":"closed","sticky":false,"template":"","format":"standard","meta":{"footnotes":""},"categories":[27,29],"tags":[1719,1694,283,1718],"quellen":[331],"class_list":["post-5811","post","type-post","status-publish","format-standard","hentry","category-planen-bauen-wohnen-verkehr","category-umwelt","tag-deutsche-umwelthilfe","tag-diesel-fahrverbote","tag-luftqualitaet","tag-stickoxide","quellen-mdl-stefan-zimkeit"],"_links":{"self":[{"href":"https:\/\/meier-gerdingh.de\/wp-spd-ob\/wp-json\/wp\/v2\/posts\/5811","targetHints":{"allow":["GET"]}}],"collection":[{"href":"https:\/\/meier-gerdingh.de\/wp-spd-ob\/wp-json\/wp\/v2\/posts"}],"about":[{"href":"https:\/\/meier-gerdingh.de\/wp-spd-ob\/wp-json\/wp\/v2\/types\/post"}],"author":[{"embeddable":true,"href":"https:\/\/meier-gerdingh.de\/wp-spd-ob\/wp-json\/wp\/v2\/users\/1"}],"replies":[{"embeddable":true,"href":"https:\/\/meier-gerdingh.de\/wp-spd-ob\/wp-json\/wp\/v2\/comments?post=5811"}],"version-history":[{"count":0,"href":"https:\/\/meier-gerdingh.de\/wp-spd-ob\/wp-json\/wp\/v2\/posts\/5811\/revisions"}],"wp:attachment":[{"href":"https:\/\/meier-gerdingh.de\/wp-spd-ob\/wp-json\/wp\/v2\/media?parent=5811"}],"wp:term":[{"taxonomy":"category","embeddable":true,"href":"https:\/\/meier-gerdingh.de\/wp-spd-ob\/wp-json\/wp\/v2\/categories?post=5811"},{"taxonomy":"post_tag","embeddable":true,"href":"https:\/\/meier-gerdingh.de\/wp-spd-ob\/wp-json\/wp\/v2\/tags?post=5811"},{"taxonomy":"quellen","embeddable":true,"href":"https:\/\/meier-gerdingh.de\/wp-spd-ob\/wp-json\/wp\/v2\/quellen?post=5811"}],"curies":[{"name":"wp","href":"https:\/\/api.w.org\/{rel}","templated":true}]}}