{"id":583,"date":"2007-05-24T16:00:00","date_gmt":"2007-05-24T14:00:00","guid":{"rendered":"http:\/\/www.meier-gerdingh.de\/spd-oberhausen\/wp\/?p=583"},"modified":"2017-05-14T15:26:50","modified_gmt":"2017-05-14T13:26:50","slug":"wegen-cdu-und-fdp-gibt-es-pfingstsonntag-keine-blumen-und-broetchen","status":"publish","type":"post","link":"https:\/\/meier-gerdingh.de\/wp-spd-ob\/2007\/05\/24\/wegen-cdu-und-fdp-gibt-es-pfingstsonntag-keine-blumen-und-broetchen\/","title":{"rendered":"Wegen CDU und FDP gibt es Pfingstsonntag keine Blumen und Br\u00f6tchen"},"content":{"rendered":"<div style=\"width: 180px\" class=\"wp-caption alignleft\"><a href=\"http:\/\/meier-gerdingh.de\/wp-spd-ob\/wp-content\/uploads\/groschek_michael.jpg\"><img decoding=\"async\" class=\"size-full\" src=\"http:\/\/meier-gerdingh.de\/wp-spd-ob\/wp-content\/uploads\/groschek_michael.jpg\" alt=\"Michael Groschek ist Mitglied des Landtags von NRW und Generalsekret\u00e4r der NRWSPD\" width=\"170\" height=\"170\" \/><\/a><p class=\"wp-caption-text\">Michael Groschek ist Mitglied des Landtags von NRW und Generalsekret\u00e4r der NRWSPD<\/p><\/div>\n<p>&#8222;Am Pfingstsonntag wird es wegen CDU und FDP keine frischen Schnittblumen und auch keine frischen Br\u00f6tchen geben. Die Regierungsfraktionen haben im Landtag unsere SPD-Initiative blockiert, mit der wir kurzfristig die \u00d6ffnung von B\u00e4ckereien und Blumengesch\u00e4ften am Pfingstsonntag erlauben wollten. Nun bleibt das schwarz-gelbe Laden\u00f6ffnungsgesetz f\u00fcr Nordrhein-Westfalen wie es ist: lebensfremd und mittelstandsfeindlich&#8220;, erkl\u00e4rte der Oberhausener Landtagsabgeordnete Michael Groschek heute in D\u00fcsseldorf.<!--more--><\/p>\n<p>Bereits zu Ostern habe sich gezeigt, dass die neue Regelung mit der hei\u00dfen Nadel gestrickt und undurchdacht sei. &#8222;Am Ostersonntag standen viele Verbraucherinnen und Verbraucher vor verschlossenen T\u00fcren. Die betroffenen Gesch\u00e4fte hatten im Monat April Umsatzeinbr\u00fcche um bis zu 25 Prozent.&#8220;<\/p>\n<p>Die SPD-Landtagsfraktion habe daher schnell reagiert und direkt nach der Osterpause einen \u00c4nderungsantrag zum Laden\u00f6ffnungsgesetz eingebracht, berichtete Groschek. &#8222;Wir wollten, dass die alte Regelung bereits an diesem Wochenende wieder gilt. An Oster- und Pfingstsonntag sowie am ersten Weihnachtstag sollen B\u00e4cker und Floristen f\u00fcr f\u00fcnf Stunden ihre Gesch\u00e4fte \u00f6ffnen d\u00fcrfen. An den jeweils zweiten Feiertagen h\u00e4tten sie, so wie es bis zum letzten Jahr auch guter Brauch war, geschlossen. Aber im federf\u00fchrenden Ausschuss haben CDU und FDP nur taktiert und den Antrag geschoben.&#8220;<\/p>\n<p>Wenn es auch nach den Feiertagen bei dem Willen der CDU\/FDP-Koalition bleibe, gebe es im n\u00e4chsten Jahr zum Muttertag keine Blumen zu kaufen, stellte Groschek fest. &#8222;Da der Muttertag 2008 auf den Pfingstsonntag f\u00e4llt, wird es auch dann hei\u00dfen: &amp;039;Heute zu &#8211; dank CDU!&amp;039;&#8220;<\/p>\n","protected":false},"excerpt":{"rendered":"<p>&#8222;Am Pfingstsonntag wird es wegen CDU und FDP keine frischen Schnittblumen und auch keine frischen Br\u00f6tchen geben. Die Regierungsfraktionen haben im Landtag unsere SPD-Initiative blockiert, mit der wir kurzfristig die&hellip; <\/p>\n","protected":false},"author":1,"featured_media":0,"comment_status":"closed","ping_status":"closed","sticky":false,"template":"","format":"standard","meta":{"footnotes":""},"categories":[1],"tags":[],"quellen":[],"class_list":["post-583","post","type-post","status-publish","format-standard","hentry","category-allgemein"],"_links":{"self":[{"href":"https:\/\/meier-gerdingh.de\/wp-spd-ob\/wp-json\/wp\/v2\/posts\/583","targetHints":{"allow":["GET"]}}],"collection":[{"href":"https:\/\/meier-gerdingh.de\/wp-spd-ob\/wp-json\/wp\/v2\/posts"}],"about":[{"href":"https:\/\/meier-gerdingh.de\/wp-spd-ob\/wp-json\/wp\/v2\/types\/post"}],"author":[{"embeddable":true,"href":"https:\/\/meier-gerdingh.de\/wp-spd-ob\/wp-json\/wp\/v2\/users\/1"}],"replies":[{"embeddable":true,"href":"https:\/\/meier-gerdingh.de\/wp-spd-ob\/wp-json\/wp\/v2\/comments?post=583"}],"version-history":[{"count":0,"href":"https:\/\/meier-gerdingh.de\/wp-spd-ob\/wp-json\/wp\/v2\/posts\/583\/revisions"}],"wp:attachment":[{"href":"https:\/\/meier-gerdingh.de\/wp-spd-ob\/wp-json\/wp\/v2\/media?parent=583"}],"wp:term":[{"taxonomy":"category","embeddable":true,"href":"https:\/\/meier-gerdingh.de\/wp-spd-ob\/wp-json\/wp\/v2\/categories?post=583"},{"taxonomy":"post_tag","embeddable":true,"href":"https:\/\/meier-gerdingh.de\/wp-spd-ob\/wp-json\/wp\/v2\/tags?post=583"},{"taxonomy":"quellen","embeddable":true,"href":"https:\/\/meier-gerdingh.de\/wp-spd-ob\/wp-json\/wp\/v2\/quellen?post=583"}],"curies":[{"name":"wp","href":"https:\/\/api.w.org\/{rel}","templated":true}]}}