{"id":584,"date":"2007-05-25T16:00:00","date_gmt":"2007-05-25T14:00:00","guid":{"rendered":"http:\/\/www.meier-gerdingh.de\/spd-oberhausen\/wp\/?p=584"},"modified":"2017-05-14T15:26:38","modified_gmt":"2017-05-14T13:26:38","slug":"spd-senioren-im-ortsverein-ost-diskutieren-ueber-pflegeversicherung","status":"publish","type":"post","link":"https:\/\/meier-gerdingh.de\/wp-spd-ob\/2007\/05\/25\/spd-senioren-im-ortsverein-ost-diskutieren-ueber-pflegeversicherung\/","title":{"rendered":"SPD-Senioren im Ortsverein Ost diskutieren \u00fcber Pflegeversicherung"},"content":{"rendered":"<p><a href=\"http:\/\/meier-gerdingh.de\/wp-spd-ob\/wp-content\/uploads\/logo_60plus.gif\"><img decoding=\"async\" class=\"size-full alignleft\" src=\"http:\/\/meier-gerdingh.de\/wp-spd-ob\/wp-content\/uploads\/logo_60plus.gif\" alt=\"\" width=\"80\" height=\"80\" \/><\/a>Die AG 60 plus des SPD-Ortsvereins Oberhausen-Ost l\u00e4dt f\u00fcr Dienstag, den 05.06.2007, 9.30 Uhr, zu einem Vortrag mit Diskussion zum Thema &#8222;Pflegebed\u00fcrftigkeit und Leistungen in der h\u00e4uslichen und station\u00e4ren Pflege&#8220; ins B\u00fcrgerzentrum &#8222;Alte Heid&#8220;, Alte Heid 13, herzlich ein. Referent ist Herr Josef Bergmann, Leiter des Oberhausener Seniorenzentrums Haus Abendfrieden.<!--more--><\/p>\n<p>Ich bin jung und gesund, das geht mich nichts an! Unabh\u00e4ngigkeit, Mobilit\u00e4t und Flexibilit\u00e4t geh\u00f6ren heute zum Bild einer modernen Gesellschaft und zu ihren Menschen. Deshalb ist die Angst, einmal auf die Hilfe anderer Menschen angewiesen zu sein, f\u00fcr viele sehr real.<\/p>\n<p>Nach dem Motto &#8222;lieber nicht dran denken&#8220;, wird diese Angst dann schnell verdr\u00e4ngt. Pflegebed\u00fcrftig zu sein, das betrifft doch &#8222;nur&#8220; alte Menschen. Doch, es kann jeden treffen. Egal in welchem Alter, ob 20 oder 80 Jahre.<\/p>\n<p><b>Veranstaltung:<\/b><br \/>\n&#8222;Pflegebed\u00fcrftigkeit und Leistungen in der h\u00e4uslichen und station\u00e4ren Pflege&#8220;<\/p>\n<p><b>Referent:<\/b><br \/>\nJosef Bergmann<br \/>\n&#8211; Leiter des Seniorenzentrums Haus Abendfrieden &#8211;<\/p>\n<p><b>Datum:<\/b><br \/>\nDienstag, 05. Juni 2006,<br \/>\nab 9.30 Uhr<\/p>\n<p><b>Ort:<\/b><br \/>\nB\u00fcrgerzentrum &#8222;Alte Heid&#8220;,<br \/>\nAlte Heid 13<br \/>\n46047 Oberhausen<\/p>\n<p><b>Kontakt:<\/b><br \/>\nSPD Ortsverein Oberhausen-Ost &#8211; AG 60 plus<br \/>\nErwin Stroh ( 1. Vorsitzender)<br \/>\nFrintroper Str. 71<br \/>\nD-46047 Oberhausen<br \/>\n(0208) 884712<\/p>\n","protected":false},"excerpt":{"rendered":"<p>Die AG 60 plus des SPD-Ortsvereins Oberhausen-Ost l\u00e4dt f\u00fcr Dienstag, den 05.06.2007, 9.30 Uhr, zu einem Vortrag mit Diskussion zum Thema &#8222;Pflegebed\u00fcrftigkeit und Leistungen in der h\u00e4uslichen und station\u00e4ren Pflege&#8220;&hellip; <\/p>\n","protected":false},"author":1,"featured_media":0,"comment_status":"closed","ping_status":"closed","sticky":false,"template":"","format":"standard","meta":{"footnotes":""},"categories":[1],"tags":[],"quellen":[],"class_list":["post-584","post","type-post","status-publish","format-standard","hentry","category-allgemein"],"_links":{"self":[{"href":"https:\/\/meier-gerdingh.de\/wp-spd-ob\/wp-json\/wp\/v2\/posts\/584","targetHints":{"allow":["GET"]}}],"collection":[{"href":"https:\/\/meier-gerdingh.de\/wp-spd-ob\/wp-json\/wp\/v2\/posts"}],"about":[{"href":"https:\/\/meier-gerdingh.de\/wp-spd-ob\/wp-json\/wp\/v2\/types\/post"}],"author":[{"embeddable":true,"href":"https:\/\/meier-gerdingh.de\/wp-spd-ob\/wp-json\/wp\/v2\/users\/1"}],"replies":[{"embeddable":true,"href":"https:\/\/meier-gerdingh.de\/wp-spd-ob\/wp-json\/wp\/v2\/comments?post=584"}],"version-history":[{"count":0,"href":"https:\/\/meier-gerdingh.de\/wp-spd-ob\/wp-json\/wp\/v2\/posts\/584\/revisions"}],"wp:attachment":[{"href":"https:\/\/meier-gerdingh.de\/wp-spd-ob\/wp-json\/wp\/v2\/media?parent=584"}],"wp:term":[{"taxonomy":"category","embeddable":true,"href":"https:\/\/meier-gerdingh.de\/wp-spd-ob\/wp-json\/wp\/v2\/categories?post=584"},{"taxonomy":"post_tag","embeddable":true,"href":"https:\/\/meier-gerdingh.de\/wp-spd-ob\/wp-json\/wp\/v2\/tags?post=584"},{"taxonomy":"quellen","embeddable":true,"href":"https:\/\/meier-gerdingh.de\/wp-spd-ob\/wp-json\/wp\/v2\/quellen?post=584"}],"curies":[{"name":"wp","href":"https:\/\/api.w.org\/{rel}","templated":true}]}}