{"id":585,"date":"2007-06-04T16:00:00","date_gmt":"2007-06-04T14:00:00","guid":{"rendered":"http:\/\/www.meier-gerdingh.de\/spd-oberhausen\/wp\/?p=585"},"modified":"2017-05-14T15:26:11","modified_gmt":"2017-05-14T13:26:11","slug":"ausbau-der-ganztagsgrundschulen-in-gefahr","status":"publish","type":"post","link":"https:\/\/meier-gerdingh.de\/wp-spd-ob\/2007\/06\/04\/ausbau-der-ganztagsgrundschulen-in-gefahr\/","title":{"rendered":"Ausbau der Ganztagsgrundschulen in Gefahr"},"content":{"rendered":"<div style=\"width: 150px\" class=\"wp-caption alignleft\"><a href=\"http:\/\/meier-gerdingh.de\/wp-spd-ob\/wp-content\/uploads\/grosse_broemer_wolfgang.jpg\"><img decoding=\"async\" class=\"size-full\" src=\"http:\/\/meier-gerdingh.de\/wp-spd-ob\/wp-content\/uploads\/grosse_broemer_wolfgang.jpg\" alt=\"Wolfgang Gro\u00dfe Br\u00f6mer ist Vorsitzender der SPD-Ratsfraktion und Mitglied des Landtags NRW\" width=\"140\" height=\"191\" \/><\/a><p class=\"wp-caption-text\">Wolfgang Gro\u00dfe Br\u00f6mer ist Vorsitzender der SPD-Ratsfraktion und Mitglied des Landtags NRW<\/p><\/div>\n<p>&#8222;Die Landesregierung hat es bisher vers\u00e4umt, die notwendigen Mittel zur Verf\u00fcgung zu stellen, deshalb werden im n\u00e4chsten Schuljahr Eltern in Oberhausen keinen Platz f\u00fcr ihre Kinder im offenen Ganztag erhalten&#8220;, erkl\u00e4rte Wolfgang Gro\u00dfe Br\u00f6mer (MdL), Vorsitzender der SPD-Ratsfraktion. So reagiert die SPD auf den Sachstand zum dringend notwendigen Ausbau der offenen Ganztagsgrundschulen. Auf Anfrage der SPD-Ratsfraktion erkl\u00e4rte die Verwaltung, dass es bisher keinen Bewilligungsbescheid des Landes f\u00fcr die beantragten Mittel gebe.<!--more--><\/p>\n<p>Im Januar hatte die Stadt beim Land 1, 5 Millionen Euro beantragt, um die wegen der gro\u00dfen Nachfrage notwendigen zus\u00e4tzlichen Pl\u00e4tze einrichten zu k\u00f6nnen. Da bisher immer noch keine Bewilligung vorliege, w\u00fcrden zum n\u00e4chsten Schuljahr Pl\u00e4tze im offenen Ganztag fehlen. Selbst wenn in n\u00e4chster Zeit Mittel bewilligt w\u00fcrden, k\u00f6nnten die notwendigen Geb\u00e4ude nicht mehr rechtzeitig errichtet werden.<\/p>\n<p>Leittragende, so Stefan Zimkeit, schulpolitischer Sprecher der SPD, seien Eltern, deren Kinder keinen Platz bekommen, und die Grundschulen, die unter erschwerten r\u00e4umlichen Bedingungen den Ganztag anbieten m\u00fcssen. Aus Sicht der SPD ist es skandal\u00f6s, dass CDU und FDP die offene Ganztagsgrundschule erst ablehnen, dann versuchen, sie als eigenen Erfolg zu verkaufen, und nun den notwendigen weiteren Ausbau behindern.<\/p>\n<p>Als Hintergrund vermutet die SPD, dass nicht mehr ausreichend Mittel zur Verf\u00fcgung stehen, um alle Antr\u00e4ge zu genehmigen. Gleichzeitig verwies sie darauf, dass das Land noch keinen Euro zur Finanzierung der Investitionen f\u00fcr die Ganztagsgrundschulen beigetragen habe. Die Finanzierung der Neubauten sei bisher ausschlie\u00dflich aus Mitteln, die die damalige rot-gr\u00fcne Bundesregierung zur Verf\u00fcgung gestellt hat und durch die St\u00e4dte erfolgt.<\/p>\n<p>Eine Streichung oder K\u00fcrzung der Mittel w\u00fcrde in erste Linie arme St\u00e4dte wie Oberhausen treffen, die bisher schon gro\u00dfe Probleme haben, den 10%-Eigenanteil der Stadt zu erbringen.<\/p>\n<p>Oberhausen sei f\u00fchrend beim Ausbau der offenen Ganztagsgrundschule. &#8222;Alle Grundschulen bieten bei uns den Ganztag an und Eltern fragen dieses Angebot massiv nach&#8220;, so Gro\u00dfe Br\u00f6mer weiter. Es k\u00f6nne nicht sein, dass die notwendigen Erweiterungen durch Entscheidungen des Landes verhindert werden.<\/p>\n<p>Neben dem weiteren Ausbau der Pl\u00e4tze forderte die SPD auch die Qualit\u00e4t der offenen Ganztagsschule weiter zu steigern. Hierzu k\u00f6nne aus positiven Beispielen in Oberhausen gelernt werden. Die SPD schl\u00e4gt vor, die Qualit\u00e4t der offenen Ganztagsgrundschulen in Oberhausen zu untersuchen, um so Ans\u00e4tze zur weiteren Qualit\u00e4tsverbesserung zu entwickeln. Dabei m\u00fcsse die gute Zusammenarbeit zwischen Jugendverb\u00e4nden, Schulen und Stadt weiter vertieft werden.<\/p>\n<p>&#8222;Die von der rot-gr\u00fcnen Landesregierung eingef\u00fchrte offene Ganztagschule ist ein Erfolgsmodell. Sie muss im Sinne der Eltern und Kinder qualitativ und quantitativ weiterentwickelt werden. Es darf nicht durch Fehlentscheidungen der schwarz-gelben Landesregierung zur Stagnation kommen&#8220;, so Wolfgang Gro\u00dfe Br\u00f6mer abschlie\u00dfend.<\/p>\n","protected":false},"excerpt":{"rendered":"<p>&#8222;Die Landesregierung hat es bisher vers\u00e4umt, die notwendigen Mittel zur Verf\u00fcgung zu stellen, deshalb werden im n\u00e4chsten Schuljahr Eltern in Oberhausen keinen Platz f\u00fcr ihre Kinder im offenen Ganztag erhalten&#8220;,&hellip; <\/p>\n","protected":false},"author":1,"featured_media":0,"comment_status":"closed","ping_status":"closed","sticky":false,"template":"","format":"standard","meta":{"footnotes":""},"categories":[1],"tags":[],"quellen":[],"class_list":["post-585","post","type-post","status-publish","format-standard","hentry","category-allgemein"],"_links":{"self":[{"href":"https:\/\/meier-gerdingh.de\/wp-spd-ob\/wp-json\/wp\/v2\/posts\/585","targetHints":{"allow":["GET"]}}],"collection":[{"href":"https:\/\/meier-gerdingh.de\/wp-spd-ob\/wp-json\/wp\/v2\/posts"}],"about":[{"href":"https:\/\/meier-gerdingh.de\/wp-spd-ob\/wp-json\/wp\/v2\/types\/post"}],"author":[{"embeddable":true,"href":"https:\/\/meier-gerdingh.de\/wp-spd-ob\/wp-json\/wp\/v2\/users\/1"}],"replies":[{"embeddable":true,"href":"https:\/\/meier-gerdingh.de\/wp-spd-ob\/wp-json\/wp\/v2\/comments?post=585"}],"version-history":[{"count":0,"href":"https:\/\/meier-gerdingh.de\/wp-spd-ob\/wp-json\/wp\/v2\/posts\/585\/revisions"}],"wp:attachment":[{"href":"https:\/\/meier-gerdingh.de\/wp-spd-ob\/wp-json\/wp\/v2\/media?parent=585"}],"wp:term":[{"taxonomy":"category","embeddable":true,"href":"https:\/\/meier-gerdingh.de\/wp-spd-ob\/wp-json\/wp\/v2\/categories?post=585"},{"taxonomy":"post_tag","embeddable":true,"href":"https:\/\/meier-gerdingh.de\/wp-spd-ob\/wp-json\/wp\/v2\/tags?post=585"},{"taxonomy":"quellen","embeddable":true,"href":"https:\/\/meier-gerdingh.de\/wp-spd-ob\/wp-json\/wp\/v2\/quellen?post=585"}],"curies":[{"name":"wp","href":"https:\/\/api.w.org\/{rel}","templated":true}]}}