{"id":5873,"date":"2018-11-21T10:02:02","date_gmt":"2018-11-21T09:02:02","guid":{"rendered":"https:\/\/meier-gerdingh.de\/wp-spd-ob\/?p=5873"},"modified":"2018-11-22T10:04:27","modified_gmt":"2018-11-22T09:04:27","slug":"trinkwasserpreise-bleiben-stabil","status":"publish","type":"post","link":"https:\/\/meier-gerdingh.de\/wp-spd-ob\/2018\/11\/21\/trinkwasserpreise-bleiben-stabil\/","title":{"rendered":"Trinkwasserpreise bleiben stabil"},"content":{"rendered":"<div id=\"attachment_5396\" style=\"width: 190px\" class=\"wp-caption alignleft\"><a href=\"https:\/\/meier-gerdingh.de\/wp-spd-ob\/wp-content\/uploads\/2018\/07\/14_flore_manfred_1000.jpg\"><img aria-describedby=\"caption-attachment-5396\" decoding=\"async\" class=\"size-full wp-image-5396\" src=\"https:\/\/meier-gerdingh.de\/wp-spd-ob\/wp-content\/uploads\/2018\/07\/14_flore_manfred.jpg\" alt=\"\" width=\"180\" height=\"180\" srcset=\"https:\/\/meier-gerdingh.de\/wp-spd-ob\/wp-content\/uploads\/2018\/07\/14_flore_manfred.jpg 180w, https:\/\/meier-gerdingh.de\/wp-spd-ob\/wp-content\/uploads\/2018\/07\/14_flore_manfred-150x150.jpg 150w\" sizes=\"(max-width: 180px) 100vw, 180px\" \/><\/a><p id=\"caption-attachment-5396\" class=\"wp-caption-text\">Manfred Flore ist umwelt- und kulturpolitischer Sprecher der SPD-Ratsfraktion<\/p><\/div>\n<p>Der Trinkwasserpreis bleibt im kommenden Jahr stabil. &#8222;Auf der RWW-Gesellschafterversammlung wurde festgelegt, dass sich der Preis f\u00fcr 99 Prozent der Oberhausener Verbraucher nicht \u00e4ndert\u201c, stellt Manfred Flore, Umweltpolitischer Sprecher der SPD-Fraktion und Vertreter der Stadt in der Gesellschafterversammlung, beruhigt fest.<\/p>\n<p>Dies gelinge der Rheinisch-Westf\u00e4lischen Wasserwerksgesellschaft (RWW) trotz gestiegenem Betriebsbedarfes. &#8222;Unser Trinkwasser ist und bleibt das meist gepr\u00fcfte Lebensmittel \u00fcberhaupt\u201c, erkl\u00e4rt Flore. F\u00fcr die Stabilit\u00e4t des Preises sorgt ein neues, gerechteres Preisverteilungssystem. Lediglich auf Gro\u00dfkunden k\u00e4men zus\u00e4tzliche Belastungen zu.<!--more--><\/p>\n<p>&#8222;Ich finde diese Entwicklung erfreulich, gerecht und vorausschauend von der RWW-Gesch\u00e4ftsf\u00fchrung&#8220;, erkl\u00e4rt Flore. Durch dieses Modell k\u00f6nnten trotz gestiegener Betriebskosten die Lasten gerechter verteilt werden.<\/p>\n<p>Inwieweit auf die Stadt Oberhausen oder die OGM als Eigent\u00fcmer gro\u00dfer Immobilien zus\u00e4tzliche Kosten zukommen, werde derzeit anhand einer Modellrechnung gepr\u00fcft. &#8222;Es sieht aber so aus, dass 2019 keine zus\u00e4tzlichen Kosten auf die Stadt zukommen. Das wird K\u00e4mmerer Apostolos Tsalastras freuen&#8220;, so der Umweltpolitische Sprecher der SPD im Rat.<\/p>\n","protected":false},"excerpt":{"rendered":"<p>Der Trinkwasserpreis bleibt im kommenden Jahr stabil. &#8222;Auf der RWW-Gesellschafterversammlung wurde festgelegt, dass sich der Preis f\u00fcr 99 Prozent der Oberhausener Verbraucher nicht \u00e4ndert\u201c, stellt Manfred Flore, Umweltpolitischer Sprecher der&hellip; <\/p>\n","protected":false},"author":1,"featured_media":0,"comment_status":"closed","ping_status":"closed","sticky":false,"template":"","format":"standard","meta":{"footnotes":""},"categories":[29],"tags":[67,32,1722,1721,1720],"quellen":[326],"class_list":["post-5873","post","type-post","status-publish","format-standard","hentry","category-umwelt","tag-ogm","tag-rww","tag-rww-gesellschafterversammlung","tag-trinkwasserpreis","tag-trinkwassser","quellen-spd-fraktion-oberhausen"],"_links":{"self":[{"href":"https:\/\/meier-gerdingh.de\/wp-spd-ob\/wp-json\/wp\/v2\/posts\/5873","targetHints":{"allow":["GET"]}}],"collection":[{"href":"https:\/\/meier-gerdingh.de\/wp-spd-ob\/wp-json\/wp\/v2\/posts"}],"about":[{"href":"https:\/\/meier-gerdingh.de\/wp-spd-ob\/wp-json\/wp\/v2\/types\/post"}],"author":[{"embeddable":true,"href":"https:\/\/meier-gerdingh.de\/wp-spd-ob\/wp-json\/wp\/v2\/users\/1"}],"replies":[{"embeddable":true,"href":"https:\/\/meier-gerdingh.de\/wp-spd-ob\/wp-json\/wp\/v2\/comments?post=5873"}],"version-history":[{"count":0,"href":"https:\/\/meier-gerdingh.de\/wp-spd-ob\/wp-json\/wp\/v2\/posts\/5873\/revisions"}],"wp:attachment":[{"href":"https:\/\/meier-gerdingh.de\/wp-spd-ob\/wp-json\/wp\/v2\/media?parent=5873"}],"wp:term":[{"taxonomy":"category","embeddable":true,"href":"https:\/\/meier-gerdingh.de\/wp-spd-ob\/wp-json\/wp\/v2\/categories?post=5873"},{"taxonomy":"post_tag","embeddable":true,"href":"https:\/\/meier-gerdingh.de\/wp-spd-ob\/wp-json\/wp\/v2\/tags?post=5873"},{"taxonomy":"quellen","embeddable":true,"href":"https:\/\/meier-gerdingh.de\/wp-spd-ob\/wp-json\/wp\/v2\/quellen?post=5873"}],"curies":[{"name":"wp","href":"https:\/\/api.w.org\/{rel}","templated":true}]}}