{"id":588,"date":"2007-06-25T16:00:00","date_gmt":"2007-06-25T14:00:00","guid":{"rendered":"http:\/\/www.meier-gerdingh.de\/spd-oberhausen\/wp\/?p=588"},"modified":"2017-05-14T15:11:44","modified_gmt":"2017-05-14T13:11:44","slug":"spd-generalsekretaer-hubertus-heil-diskutiert-ueber-neues-grundsatzprogramm","status":"publish","type":"post","link":"https:\/\/meier-gerdingh.de\/wp-spd-ob\/2007\/06\/25\/spd-generalsekretaer-hubertus-heil-diskutiert-ueber-neues-grundsatzprogramm\/","title":{"rendered":"SPD-Generalsekret\u00e4r Hubertus Heil diskutiert \u00fcber neues Grundsatzprogramm"},"content":{"rendered":"<div style=\"width: 190px\" class=\"wp-caption alignleft\"><a href=\"http:\/\/meier-gerdingh.de\/wp-spd-ob\/wp-content\/uploads\/heil_hubertus.jpg\"><img decoding=\"async\" class=\"size-full\" src=\"http:\/\/meier-gerdingh.de\/wp-spd-ob\/wp-content\/uploads\/heil_hubertus.jpg\" alt=\"SPD-Generalsekret\u00e4r Hubertus Heil\" width=\"180\" height=\"207\" \/><\/a><p class=\"wp-caption-text\">SPD-Generalsekret\u00e4r Hubertus Heil<\/p><\/div>\n<p>Das neue Grundsatzprogramm der Sozialdemokratischen Partei Deutschlands stellt SPD Generalsekret\u00e4r Hubertus Heil im Rahmen einer Talk-Veranstaltung in Oberhausen vor. Am Samstag, 30. Juni, um 17.30, in der Gastst\u00e4tte &#8222;Gdanska&#8220; am Altmarkt werden die langfristigen Zielvorstellungen der SPD diskutiert. Im Mittelpunkt sollen dabei das sozialdemokratische Kernziel der sozialen Gerechtigkeit und die Ausgestaltung des Sozialstaates im 21. Jahrhundert stehen. Wolfgang Gro\u00dfe Br\u00f6mer, Vorsitzender der Oberhausener SPD, l\u00e4dt alle Interessierten herzlich zur Veranstaltung ein: &#8222;Gerade angesichts aktueller Diskussionen \u00fcber die Rolle der SPD in der gro\u00dfen Koalition ist es uns wichtig, mit den Oberhausener B\u00fcrgerinnen und B\u00fcrgern \u00fcber unsere inhaltlichen Grunds\u00e4tze zu diskutieren.&#8220;<!--more--><\/p>\n<p>Deshalb soll es im Rahmen der Veranstaltung auch kein Grundsatzreferat geben. &#8222;Hubertus Heil soll w\u00e4hrend der Veranstaltung m\u00f6glichst viele Fragen, Anmerkungen und Anregungen zum Grundsatzprogramm beantworten, die von den Veranstaltungsteilnehmern kommen und die w\u00e4hrend der Programmdiskussion in Oberhausen entstanden sind&#8220;, erl\u00e4utert Stefan Zimkeit von der Projektgruppe Programmdiskussion den geplanten Ablauf der Veranstaltung.<\/p>\n<p>Erg\u00e4nzt werden soll die Diskussion mit Hubertus Heil durch kulturelle Beitr\u00e4ge und durch die M\u00f6glichkeit f\u00fcr Teilnehmerinnen und Teilnehmer, untereinander ins Gespr\u00e4ch zu kommen.<\/p>\n<p>Die Veranstaltung mit dem Generalsekret\u00e4r der Bundes-SPD ist f\u00fcr die Projektgruppe der SPD ein zentraler Bestandteil der Grundsatzprogrammdiskussion in Oberhausen: &#8222;In der Diskussion vor Ort wurden die Schwerpunkte &#8222;Soziale Gerechtigkeit&#8220; und &#8222;Bedeutung der Kommunalpolitik&#8220; gesetzt&#8220;, erl\u00e4utert Karsten Bron, Sprecher der Projektgruppe, den Diskussionsstand in Oberhausen. Er k\u00fcndigt f\u00fcr die SPD-Projektgruppe an, auf Grundlage der Diskussion mit Hubertus Heil im August konkrete Arbeitsergebnisse vorzulegen.<\/p>\n<p>&#8222;F\u00fcr uns ist es wichtig&#8220;, so Wolfgang Gro\u00dfe Br\u00f6mer abschlie\u00dfend,&#8220; dass die Diskussionen zum Grundsatzprogramm konkrete Auswirkungen auf die SPD-Politik auf allen Ebenen hat und deshalb erwarten wir durch das Grundsatzprogramm ein deutliches Bekenntnis zur sozialen Gerechtigkeit und die Annerkennung der zentralen Bedeutung der Kommunalpolitik f\u00fcr die Menschen vor Ort.&#8220;<\/p>\n<p><b>Veranstaltung:<\/b><br \/>\n\u00d6ffentliche Talkrunde zum neuen SPD-Grundsatzprogramm mit SPD-Generalsekret\u00e4r Hubertus Heil<\/p>\n<p><b>Termin:<\/b><br \/>\nSamstag, 30. Juni 2007,<br \/>\nab 17.30 Uhr<\/p>\n<p><b>Ort:<\/b><br \/>\nGastst\u00e4tte &#8222;Gdanska&#8220;<br \/>\nAltmarkt 3<\/p>\n","protected":false},"excerpt":{"rendered":"<p>Das neue Grundsatzprogramm der Sozialdemokratischen Partei Deutschlands stellt SPD Generalsekret\u00e4r Hubertus Heil im Rahmen einer Talk-Veranstaltung in Oberhausen vor. Am Samstag, 30. Juni, um 17.30, in der Gastst\u00e4tte &#8222;Gdanska&#8220; am&hellip; <\/p>\n","protected":false},"author":1,"featured_media":0,"comment_status":"closed","ping_status":"closed","sticky":false,"template":"","format":"standard","meta":{"footnotes":""},"categories":[1],"tags":[],"quellen":[],"class_list":["post-588","post","type-post","status-publish","format-standard","hentry","category-allgemein"],"_links":{"self":[{"href":"https:\/\/meier-gerdingh.de\/wp-spd-ob\/wp-json\/wp\/v2\/posts\/588","targetHints":{"allow":["GET"]}}],"collection":[{"href":"https:\/\/meier-gerdingh.de\/wp-spd-ob\/wp-json\/wp\/v2\/posts"}],"about":[{"href":"https:\/\/meier-gerdingh.de\/wp-spd-ob\/wp-json\/wp\/v2\/types\/post"}],"author":[{"embeddable":true,"href":"https:\/\/meier-gerdingh.de\/wp-spd-ob\/wp-json\/wp\/v2\/users\/1"}],"replies":[{"embeddable":true,"href":"https:\/\/meier-gerdingh.de\/wp-spd-ob\/wp-json\/wp\/v2\/comments?post=588"}],"version-history":[{"count":0,"href":"https:\/\/meier-gerdingh.de\/wp-spd-ob\/wp-json\/wp\/v2\/posts\/588\/revisions"}],"wp:attachment":[{"href":"https:\/\/meier-gerdingh.de\/wp-spd-ob\/wp-json\/wp\/v2\/media?parent=588"}],"wp:term":[{"taxonomy":"category","embeddable":true,"href":"https:\/\/meier-gerdingh.de\/wp-spd-ob\/wp-json\/wp\/v2\/categories?post=588"},{"taxonomy":"post_tag","embeddable":true,"href":"https:\/\/meier-gerdingh.de\/wp-spd-ob\/wp-json\/wp\/v2\/tags?post=588"},{"taxonomy":"quellen","embeddable":true,"href":"https:\/\/meier-gerdingh.de\/wp-spd-ob\/wp-json\/wp\/v2\/quellen?post=588"}],"curies":[{"name":"wp","href":"https:\/\/api.w.org\/{rel}","templated":true}]}}