{"id":5881,"date":"2018-11-23T18:24:22","date_gmt":"2018-11-23T17:24:22","guid":{"rendered":"https:\/\/meier-gerdingh.de\/wp-spd-ob\/?p=5881"},"modified":"2018-11-23T18:24:22","modified_gmt":"2018-11-23T17:24:22","slug":"bahnkunden-stehen-im-regen","status":"publish","type":"post","link":"https:\/\/meier-gerdingh.de\/wp-spd-ob\/2018\/11\/23\/bahnkunden-stehen-im-regen\/","title":{"rendered":"Bahnkunden stehen im Regen"},"content":{"rendered":"<div id=\"attachment_5879\" style=\"width: 290px\" class=\"wp-caption alignleft\"><a href=\"https:\/\/meier-gerdingh.de\/wp-spd-ob\/wp-content\/uploads\/2018\/11\/luebberink_und_zimkeit_lg.jpg\"><img aria-describedby=\"caption-attachment-5879\" decoding=\"async\" class=\"size-full wp-image-5879\" src=\"https:\/\/meier-gerdingh.de\/wp-spd-ob\/wp-content\/uploads\/2018\/11\/luebberink_und_zimkeit.jpg\" alt=\"\" width=\"280\" height=\"200\" \/><\/a><p id=\"caption-attachment-5879\" class=\"wp-caption-text\">Werner L\u00fcbberink (DB) und Stefan Zimkeit MdL (Quelle: B\u00fcro Zimkeit)<\/p><\/div>\n<p>&#8222;Da muss schon vorher etwas passieren&#8220;, zeigte sich Stefan Zimkeit (SPD) mit der Ank\u00fcndigung, dass es eine Teil\u00fcberdachung des Bahnsteigs erst im M\u00e4rz 2019 geben wird, nicht einverstanden. Zimkeit hatte die Deutschen Bahn (DB) zum Ortstermin in den Bahnhof Sterkrade gebeten, um eine L\u00f6sung f\u00fcr das zerst\u00f6rte Bahnsteigdach zu finden.<\/p>\n<p>Gekommen waren der NRW-Bahnchef Werner L\u00fcbberink, Bahnhofsmanager Klaus Oberheim und Projektleiter Stefan Ventzke von DB Netze. Oberheim hatte keine guten Nachrichten dabei. Das Vorhaben, bereits im Juli zwei mal drei Felder des Daches provisorisch wiederherzustellen, sei am fehlenden statischen Nachweis gescheiterte. Jetzt m\u00fcsse bis zur n\u00e4chsten Vollsperrung der Strecke im M\u00e4rz gewartete werden, sagte der Bahnhofsmanager.<!--more--><\/p>\n<p>Zimkeits Anregung, bereits mit der n\u00e4chsten Sperrpause im Dezember zu beginnen, lehnte Oberheim ab. Denn an diesem Termin werde der Zugbetrieb nur auf einem Gleis unterbrochen \u2013 notwendig sei aber die Abschaltung beider Oberleitungen, die an den Bahnsteig angrenzen.<\/p>\n<p>Die M\u00f6glichkeit, zun\u00e4chst nur die halbe \u00dcberdachung zu montieren, h\u00e4lt Klaus Oberheim f\u00fcr zu riskant. So eine Konstruktion w\u00fcrde den n\u00e4chsten Sturm nicht \u00fcberstehen, prognostizierte er.<\/p>\n<p>&#8222;Das ist mehr als unbefriedigend&#8220;, sagte ein sichtlich ver\u00e4rgerter Landtagsabgeordneter. Stefan Zimkeit steht selbst jeden Tag mit vielen anderen Pendlerinnen und Pendlern auf dem Bahnsteig. Seine Forderung, jetzt wenigstens ein drittes Wetterschutzh\u00e4uschen aufzustellen, stie\u00df bei den Bahnverantwortlichen auf Zustimmung. Eine Alternative zu dieser &#8222;Minimall\u00f6sung\u201c gebe es kurzfristig offensichtlich nicht, sagte Zimkeit. &#8222;Hauptsache, es passiert hier endlich mal was&#8220;, k\u00fcndigte er an, die Umsetzung genau zu beobachten.<\/p>\n<p>Positives hatte nur Betuwe-Projektleiter Stefan Ventzke zu berichten, der f\u00fcr die Bauma\u00dfnahmen entlang der Hollandstrecke nach Emmerich zust\u00e4ndig ist. Die Verl\u00e4ngerung und die Erh\u00f6hung des Bahnsteigs auf 76 Zentimeter sei im Zeitplan. So sei sichergestellt, dass der Zustieg in den neuen Rhein-Ruhr-Express (RRX) ab Juni 2019 barrierefrei erfolgen kann.<\/p>\n<p>Mittelfristig bekommt Sterkrade im Zuge des Betuwe-Ausbaus einen &#8222;komplett neu gestalteten Bahnhof&#8220; mit zwei neuen Mittelbahnsteigen, so Venzke. Da werde auch das &#8222;Lichtweltenkonzept&#8220; der Stadt Oberhausen f\u00fcr den Tunnelzugang umgesetzt, best\u00e4tigte er und k\u00fcndigte an, dass das Planfeststellungsverfahren in K\u00fcrze beginnen wird. Der Bahnhof Sterkrade werde ein &#8222;Filetst\u00fcck&#8220; f\u00fcr den \u00f6ffentlichen Nahverkehr, stimmte SPD-Ratsherr Manfred Flores dem DB-Projektleiter zu.<\/p>\n","protected":false},"excerpt":{"rendered":"<p>&#8222;Da muss schon vorher etwas passieren&#8220;, zeigte sich Stefan Zimkeit (SPD) mit der Ank\u00fcndigung, dass es eine Teil\u00fcberdachung des Bahnsteigs erst im M\u00e4rz 2019 geben wird, nicht einverstanden. Zimkeit hatte&hellip; <\/p>\n","protected":false},"author":1,"featured_media":0,"comment_status":"closed","ping_status":"closed","sticky":false,"template":"","format":"standard","meta":{"footnotes":""},"categories":[27],"tags":[480,1297,129,1729,1041,1730,55,1567,1521],"quellen":[331],"class_list":["post-5881","post","type-post","status-publish","format-standard","hentry","category-planen-bauen-wohnen-verkehr","tag-bahnhof-sterkrade","tag-betuwe-ausbau","tag-betuwe-linie","tag-db-netze","tag-deutsche-bahn-ag","tag-lichtweltenkonzept","tag-oepnv","tag-rheinruhrexpress","tag-rrx","quellen-mdl-stefan-zimkeit"],"_links":{"self":[{"href":"https:\/\/meier-gerdingh.de\/wp-spd-ob\/wp-json\/wp\/v2\/posts\/5881","targetHints":{"allow":["GET"]}}],"collection":[{"href":"https:\/\/meier-gerdingh.de\/wp-spd-ob\/wp-json\/wp\/v2\/posts"}],"about":[{"href":"https:\/\/meier-gerdingh.de\/wp-spd-ob\/wp-json\/wp\/v2\/types\/post"}],"author":[{"embeddable":true,"href":"https:\/\/meier-gerdingh.de\/wp-spd-ob\/wp-json\/wp\/v2\/users\/1"}],"replies":[{"embeddable":true,"href":"https:\/\/meier-gerdingh.de\/wp-spd-ob\/wp-json\/wp\/v2\/comments?post=5881"}],"version-history":[{"count":0,"href":"https:\/\/meier-gerdingh.de\/wp-spd-ob\/wp-json\/wp\/v2\/posts\/5881\/revisions"}],"wp:attachment":[{"href":"https:\/\/meier-gerdingh.de\/wp-spd-ob\/wp-json\/wp\/v2\/media?parent=5881"}],"wp:term":[{"taxonomy":"category","embeddable":true,"href":"https:\/\/meier-gerdingh.de\/wp-spd-ob\/wp-json\/wp\/v2\/categories?post=5881"},{"taxonomy":"post_tag","embeddable":true,"href":"https:\/\/meier-gerdingh.de\/wp-spd-ob\/wp-json\/wp\/v2\/tags?post=5881"},{"taxonomy":"quellen","embeddable":true,"href":"https:\/\/meier-gerdingh.de\/wp-spd-ob\/wp-json\/wp\/v2\/quellen?post=5881"}],"curies":[{"name":"wp","href":"https:\/\/api.w.org\/{rel}","templated":true}]}}