{"id":5883,"date":"2018-11-23T18:31:05","date_gmt":"2018-11-23T17:31:05","guid":{"rendered":"https:\/\/meier-gerdingh.de\/wp-spd-ob\/?p=5883"},"modified":"2018-11-23T18:31:05","modified_gmt":"2018-11-23T17:31:05","slug":"akustische-wochenzeitung-bleibt","status":"publish","type":"post","link":"https:\/\/meier-gerdingh.de\/wp-spd-ob\/2018\/11\/23\/akustische-wochenzeitung-bleibt\/","title":{"rendered":"Akustische Wochenzeitung bleibt"},"content":{"rendered":"<div id=\"attachment_1473\" style=\"width: 150px\" class=\"wp-caption alignleft\"><a href=\"https:\/\/meier-gerdingh.de\/wp-spd-ob\/wp-content\/uploads\/koesling_klaus_09.jpg\"><img aria-describedby=\"caption-attachment-1473\" decoding=\"async\" class=\"size-full wp-image-1473\" src=\"https:\/\/meier-gerdingh.de\/wp-spd-ob\/wp-content\/uploads\/koesling_klaus_09.jpg\" alt=\"\" width=\"140\" height=\"169\" \/><\/a><p id=\"caption-attachment-1473\" class=\"wp-caption-text\">Klaus K\u00f6sling ist Sprecher der SPD-Ratsfraktion im Sportausschuss und im Beirat f\u00fcr Menschen mit Behinderung<\/p><\/div>\n<p><em>Eine gute Nachricht f\u00fcr blinde und sehbehinderte Menschen in Oberhausen ist bei der j\u00fcngsten Sitzung des Beirates f\u00fcr Menschen mit Behinderung bekannt gegeben worden:<\/em><\/p>\n<p>Das Angebot der Akustischen Wochenzeitung (&#8222;AkuWo&#8220;) wird auch im kommenden Jahr in Oberhausen weiter fortgef\u00fchrt. &#8222;Es freut uns, dass der Parit\u00e4tische und die Stadtverwaltung einen Weg gefunden haben, blinde und sehbehinderte Menschen weiterhin \u00fcber Nachrichten aus Oberhausen zu informieren&#8220;, erkl\u00e4rt Klaus K\u00f6sling, Sprecher der SPD-Fraktion im Beirat f\u00fcr Menschen mit Behinderung.<!--more--><\/p>\n<p>K\u00f6sling hatte sich, nachdem das Ende der &#8222;AkuWo&#8220; zum Ende des Jahres angek\u00fcndigt worden war, daf\u00fcr eingesetzt, weiterhin ein zukunftssicheres und bezahlbares, lokales Informationsangebot f\u00fcr sehbehinderte und blinde Menschen in Oberhausen anzubieten.<\/p>\n","protected":false},"excerpt":{"rendered":"<p>Eine gute Nachricht f\u00fcr blinde und sehbehinderte Menschen in Oberhausen ist bei der j\u00fcngsten Sitzung des Beirates f\u00fcr Menschen mit Behinderung bekannt gegeben worden: Das Angebot der Akustischen Wochenzeitung (&#8222;AkuWo&#8220;)&hellip; <\/p>\n","protected":false},"author":1,"featured_media":0,"comment_status":"closed","ping_status":"closed","sticky":false,"template":"","format":"standard","meta":{"footnotes":""},"categories":[589],"tags":[1574,1616,1733,135,1734],"quellen":[326],"class_list":["post-5883","post","type-post","status-publish","format-standard","hentry","category-inklusion","tag-akustische-wochenzeitung","tag-beirat-fuer-menschen-mit-behinderungen","tag-der-paritaetische","tag-kleine-anfrage","tag-sehbehinderte","quellen-spd-fraktion-oberhausen"],"_links":{"self":[{"href":"https:\/\/meier-gerdingh.de\/wp-spd-ob\/wp-json\/wp\/v2\/posts\/5883","targetHints":{"allow":["GET"]}}],"collection":[{"href":"https:\/\/meier-gerdingh.de\/wp-spd-ob\/wp-json\/wp\/v2\/posts"}],"about":[{"href":"https:\/\/meier-gerdingh.de\/wp-spd-ob\/wp-json\/wp\/v2\/types\/post"}],"author":[{"embeddable":true,"href":"https:\/\/meier-gerdingh.de\/wp-spd-ob\/wp-json\/wp\/v2\/users\/1"}],"replies":[{"embeddable":true,"href":"https:\/\/meier-gerdingh.de\/wp-spd-ob\/wp-json\/wp\/v2\/comments?post=5883"}],"version-history":[{"count":0,"href":"https:\/\/meier-gerdingh.de\/wp-spd-ob\/wp-json\/wp\/v2\/posts\/5883\/revisions"}],"wp:attachment":[{"href":"https:\/\/meier-gerdingh.de\/wp-spd-ob\/wp-json\/wp\/v2\/media?parent=5883"}],"wp:term":[{"taxonomy":"category","embeddable":true,"href":"https:\/\/meier-gerdingh.de\/wp-spd-ob\/wp-json\/wp\/v2\/categories?post=5883"},{"taxonomy":"post_tag","embeddable":true,"href":"https:\/\/meier-gerdingh.de\/wp-spd-ob\/wp-json\/wp\/v2\/tags?post=5883"},{"taxonomy":"quellen","embeddable":true,"href":"https:\/\/meier-gerdingh.de\/wp-spd-ob\/wp-json\/wp\/v2\/quellen?post=5883"}],"curies":[{"name":"wp","href":"https:\/\/api.w.org\/{rel}","templated":true}]}}