{"id":5884,"date":"2018-11-23T18:33:05","date_gmt":"2018-11-23T17:33:05","guid":{"rendered":"https:\/\/meier-gerdingh.de\/wp-spd-ob\/?p=5884"},"modified":"2018-11-23T18:33:05","modified_gmt":"2018-11-23T17:33:05","slug":"manfred-flore-schlaegt-muelldetektive-vor","status":"publish","type":"post","link":"https:\/\/meier-gerdingh.de\/wp-spd-ob\/2018\/11\/23\/manfred-flore-schlaegt-muelldetektive-vor\/","title":{"rendered":"Manfred Flore schl\u00e4gt M\u00fclldetektive vor"},"content":{"rendered":"<div id=\"attachment_5396\" style=\"width: 190px\" class=\"wp-caption alignleft\"><a href=\"https:\/\/meier-gerdingh.de\/wp-spd-ob\/wp-content\/uploads\/2018\/07\/14_flore_manfred_1000.jpg\"><img aria-describedby=\"caption-attachment-5396\" decoding=\"async\" class=\"size-full wp-image-5396\" src=\"https:\/\/meier-gerdingh.de\/wp-spd-ob\/wp-content\/uploads\/2018\/07\/14_flore_manfred.jpg\" alt=\"\" width=\"180\" height=\"180\" srcset=\"https:\/\/meier-gerdingh.de\/wp-spd-ob\/wp-content\/uploads\/2018\/07\/14_flore_manfred.jpg 180w, https:\/\/meier-gerdingh.de\/wp-spd-ob\/wp-content\/uploads\/2018\/07\/14_flore_manfred-150x150.jpg 150w\" sizes=\"(max-width: 180px) 100vw, 180px\" \/><\/a><p id=\"caption-attachment-5396\" class=\"wp-caption-text\">Manfred Flore ist umwelt- und kulturpolitischer Sprecher der SPD-Ratsfraktion<\/p><\/div>\n<p>Das Thema Sauberkeit ist in der Stadt ein gro\u00dfes Problem, dass vielen B\u00fcrgern nach wie vor auf den N\u00e4geln brennt. &#8222;Das zeigt mir auch die gro\u00dfe Zahl an Beschwerden, die uns erreichen, in Bezug auf die mangelnde Sauberkeit in der Stadt&#8220;, erkl\u00e4rt Manfred Flore, Umweltpolitischer Sprecher der SPD-Ratsfraktion. Ein Problem stellt zum Beispiel Abfall jeglicher Art dar, der achtlos einfach irgendwo im Stadtgebiet entsorgt wird. &#8222;Solch ein Vorgang ist an sich schon schlimm genug&#8220;, erkl\u00e4rt Flore, &#8222;aber noch schlimmer ist es, dass solche Personen, wenn sie nicht gerade auf frischer Tat ertappt werden, kaum Sanktionen f\u00fcrchten m\u00fcssen.&#8220;<!--more--><\/p>\n<p>Dass dies nicht so sein muss, zeige eine Einrichtung, die bereits in etlichen anderen Kommunen mit Erfolg l\u00e4uft. &#8222;Als Erg\u00e4nzung zur st\u00e4dtischen Sauberkeitskampagne schlagen wir vor, dass ein Team von so genannten M\u00fclldetektiven gezielt bei illegal entsorgtem Abfall t\u00e4tig wird. Sie sollen nach Hinweisen zu den Verursachern suchen und nat\u00fcrlich auch f\u00fcr die schnelle Beseitigung sorgen&#8220;, erkl\u00e4rt Flore.<\/p>\n<p>Dies sei auch ein wichtiges Signal nach au\u00dfen: Wer seinen M\u00fcll bei Nacht und Nebel einfach in die Landschaft kippt, geht dennoch das Risiko ein, erwischt und dann auch empfindlich bestraft zu werden. &#8222;Mit M\u00fclldetektiven sind in St\u00e4dten wie M\u00f6nchengladbach oder Gelsenkirchen bereits tolle Erfolge erzielt worden, Essen hat solche Detektive gerade eingef\u00fchrt, M\u00fclheim steht kurz davor. Warum sollen wir dieses praxistaugliche Modell nicht auch in Oberhausen \u00fcbernehmen?&#8220;, so Flore abschlie\u00dfend.<\/p>\n","protected":false},"excerpt":{"rendered":"<p>Das Thema Sauberkeit ist in der Stadt ein gro\u00dfes Problem, dass vielen B\u00fcrgern nach wie vor auf den N\u00e4geln brennt. &#8222;Das zeigt mir auch die gro\u00dfe Zahl an Beschwerden, die&hellip; <\/p>\n","protected":false},"author":1,"featured_media":0,"comment_status":"closed","ping_status":"closed","sticky":false,"template":"","format":"standard","meta":{"footnotes":""},"categories":[29],"tags":[1738,1736,1735,1737,114],"quellen":[326],"class_list":["post-5884","post","type-post","status-publish","format-standard","hentry","category-umwelt","tag-abfall","tag-abfallentsorgung","tag-muell","tag-muelldetektive","tag-sauberkeit","quellen-spd-fraktion-oberhausen"],"_links":{"self":[{"href":"https:\/\/meier-gerdingh.de\/wp-spd-ob\/wp-json\/wp\/v2\/posts\/5884","targetHints":{"allow":["GET"]}}],"collection":[{"href":"https:\/\/meier-gerdingh.de\/wp-spd-ob\/wp-json\/wp\/v2\/posts"}],"about":[{"href":"https:\/\/meier-gerdingh.de\/wp-spd-ob\/wp-json\/wp\/v2\/types\/post"}],"author":[{"embeddable":true,"href":"https:\/\/meier-gerdingh.de\/wp-spd-ob\/wp-json\/wp\/v2\/users\/1"}],"replies":[{"embeddable":true,"href":"https:\/\/meier-gerdingh.de\/wp-spd-ob\/wp-json\/wp\/v2\/comments?post=5884"}],"version-history":[{"count":0,"href":"https:\/\/meier-gerdingh.de\/wp-spd-ob\/wp-json\/wp\/v2\/posts\/5884\/revisions"}],"wp:attachment":[{"href":"https:\/\/meier-gerdingh.de\/wp-spd-ob\/wp-json\/wp\/v2\/media?parent=5884"}],"wp:term":[{"taxonomy":"category","embeddable":true,"href":"https:\/\/meier-gerdingh.de\/wp-spd-ob\/wp-json\/wp\/v2\/categories?post=5884"},{"taxonomy":"post_tag","embeddable":true,"href":"https:\/\/meier-gerdingh.de\/wp-spd-ob\/wp-json\/wp\/v2\/tags?post=5884"},{"taxonomy":"quellen","embeddable":true,"href":"https:\/\/meier-gerdingh.de\/wp-spd-ob\/wp-json\/wp\/v2\/quellen?post=5884"}],"curies":[{"name":"wp","href":"https:\/\/api.w.org\/{rel}","templated":true}]}}