{"id":5888,"date":"2018-11-30T18:48:02","date_gmt":"2018-11-30T17:48:02","guid":{"rendered":"https:\/\/meier-gerdingh.de\/wp-spd-ob\/?p=5888"},"modified":"2018-12-03T13:31:15","modified_gmt":"2018-12-03T12:31:15","slug":"arbeit-wertschaetzen-fuer-ein-solidarisches-land","status":"publish","type":"post","link":"https:\/\/meier-gerdingh.de\/wp-spd-ob\/2018\/11\/30\/arbeit-wertschaetzen-fuer-ein-solidarisches-land\/","title":{"rendered":"Arbeit wertsch\u00e4tzen &#8211; F\u00fcr ein solidarisches Land"},"content":{"rendered":"<div id=\"attachment_5900\" style=\"width: 290px\" class=\"wp-caption alignleft\"><a href=\"https:\/\/meier-gerdingh.de\/wp-spd-ob\/wp-content\/uploads\/2018\/11\/foto_voepel_kapschak_2018_lg.jpg\"><img aria-describedby=\"caption-attachment-5900\" decoding=\"async\" class=\"size-full wp-image-5900\" src=\"https:\/\/meier-gerdingh.de\/wp-spd-ob\/wp-content\/uploads\/2018\/11\/foto_voepel_kapschak_2018.jpg\" alt=\"\" width=\"280\" height=\"140\" \/><\/a><p id=\"caption-attachment-5900\" class=\"wp-caption-text\">Informieren und diskutieren \u00fcber die Politik der SPD-Bundestagsfraktion f\u00fcr Arbeitnehmerinnen und Arbeitnehmer: Die beiden SPD-Bundestagsabgeordneten Dirk V\u00f6pel und Ralf Kapschak<\/p><\/div>\n<p>Der Arbeitsmarkt boomt: Noch nie waren so viele Menschen sozialversicherungspflichtig besch\u00e4ftigt wie heute. Darauf darf sich die Politik aber nicht ausruhen. Viele Menschen, auch in Oberhausen, haben das Gef\u00fchl, dass sich die gute wirtschaftliche Lage nicht angemessen in ihrem Einkommen niederschl\u00e4gt. Unsichere Besch\u00e4ftigungsverh\u00e4ltnisse f\u00fchren dazu, dass die Zukunft nicht verl\u00e4sslich planbar ist. Mit dem Umbruch der Arbeitswelt im Zuge der Digitalisierung ver\u00e4ndern sich Berufsbilder und Qualifikationsanforderungen an die Arbeitnehmerinnen und Arbeitnehmer. Die SPD-Bundestagsfraktion hat im Koalitionsvertrag zahlreiche Ma\u00dfnahmen durchgesetzt, um den Besch\u00e4ftigten mehr Sicherheit zu geben und Leistung besser zu honorieren:<!--more--><\/p>\n<ul>\n<li>Durch die Senkung von Steuern und Abgaben sorgen wir f\u00fcr <strong>mehr Netto<\/strong>, vor allem bei kleinen und mittleren Einkommen.<\/li>\n<li>Mit dem <strong>Recht auf befristete Teilzeit<\/strong> erleichtern wir es Arbeitnehmerinnen und Arbeitnehmern, ihre Arbeitszeit flexibler den zeitlichen Bed\u00fcrfnissen in unterschiedlichen Lebensphasen anzupassen.<\/li>\n<li>Mit einer <strong>Qualifizierungsoffensive<\/strong> wollen wir dazu beitragen, dass alle f\u00fcr den digitalen Wandel der Arbeitswelt ger\u00fcstet sind.<\/li>\n<li>Durch die <strong>Einschr\u00e4nkung von befristeten Arbeitsverh\u00e4ltnissen<\/strong> geben wir vor allem jungen Menschen mehr Planbarkeit.<\/li>\n<li>Und mit einem <strong>sozialen Arbeitsmarkt<\/strong> \u00f6ffnen wir vielen Menschen neue Perspektiven auf Besch\u00e4ftigung, die schon lange keine Arbeit mehr hatten.<\/li>\n<\/ul>\n<p>Der Oberhausener Bundestagsabgeordnete Dirk V\u00f6pel und sein Kollege Ralf Kapschak aus dem Bundestagsausschuss f\u00fcr Arbeit und Soziales werden am 4.\u00a0Dezember \u00fcber die Politik der SPD-Bundestagsfraktion f\u00fcr Arbeitnehmerinnen und Arbeitnehmer informieren und diskutieren.<\/p>\n<p>Was k\u00f6nnen wir noch tun f\u00fcr eine humane Arbeitswelt, die Leistung gerecht anerkennt, Sicherheiten gibt und neue Chancen schafft? Alle am Thema interessierten B\u00fcrgerinnen und B\u00fcrger sind herzlich zu dieser Informations- und Diskussionsveranstaltung eingeladen.<\/p>\n<h3 class=\"spd-ob-crossheading\">Arbeit wertsch\u00e4tzen &#8211; F\u00fcr ein solidarisches Land<\/h3>\n<p><strong>TERMIN:<\/strong><br \/>\nDienstag | 4. Dezember 2018 | ab 18.30 Uhr<\/p>\n<p><strong>ORT:<\/strong><br \/>\nFabrik K14 | Lothringer Stra\u00dfe 64 | 46045 Oberhausen<\/p>\n<p><strong>REFERENT:<\/strong><br \/>\nRalf Kapschak MdB<br \/>\n<em>Mitglied im Ausschuss f\u00fcr Arbeit und Soziales des Deutschen Bundestages<\/em><\/p>\n<p><strong>EINF\u00dcHRUNG UND MODERATION:<\/strong><br \/>\nDirk V\u00f6pel MdB<\/p>\n","protected":false},"excerpt":{"rendered":"<p>Der Arbeitsmarkt boomt: Noch nie waren so viele Menschen sozialversicherungspflichtig besch\u00e4ftigt wie heute. Darauf darf sich die Politik aber nicht ausruhen. Viele Menschen, auch in Oberhausen, haben das Gef\u00fchl, dass&hellip; <\/p>\n","protected":false},"author":1,"featured_media":0,"comment_status":"closed","ping_status":"closed","sticky":false,"template":"","format":"standard","meta":{"footnotes":""},"categories":[174,180],"tags":[18,549,1769,1486,1767,1768,84,1766,1438],"quellen":[330],"class_list":["post-5888","post","type-post","status-publish","format-standard","hentry","category-arbeit-und-soziales","category-bund","tag-arbeitsmarkt","tag-arbeitsmarktpolitik","tag-befristete-arbeitsverhaeltnisse","tag-digitalisierung","tag-fraktion-im-dialog","tag-qualifizierungsoffensive","tag-spd-bundestagsfraktion","tag-spd-bundestagsfraktion-vor-ort","tag-teilzeit","quellen-mdb-dirk-voepel"],"_links":{"self":[{"href":"https:\/\/meier-gerdingh.de\/wp-spd-ob\/wp-json\/wp\/v2\/posts\/5888","targetHints":{"allow":["GET"]}}],"collection":[{"href":"https:\/\/meier-gerdingh.de\/wp-spd-ob\/wp-json\/wp\/v2\/posts"}],"about":[{"href":"https:\/\/meier-gerdingh.de\/wp-spd-ob\/wp-json\/wp\/v2\/types\/post"}],"author":[{"embeddable":true,"href":"https:\/\/meier-gerdingh.de\/wp-spd-ob\/wp-json\/wp\/v2\/users\/1"}],"replies":[{"embeddable":true,"href":"https:\/\/meier-gerdingh.de\/wp-spd-ob\/wp-json\/wp\/v2\/comments?post=5888"}],"version-history":[{"count":0,"href":"https:\/\/meier-gerdingh.de\/wp-spd-ob\/wp-json\/wp\/v2\/posts\/5888\/revisions"}],"wp:attachment":[{"href":"https:\/\/meier-gerdingh.de\/wp-spd-ob\/wp-json\/wp\/v2\/media?parent=5888"}],"wp:term":[{"taxonomy":"category","embeddable":true,"href":"https:\/\/meier-gerdingh.de\/wp-spd-ob\/wp-json\/wp\/v2\/categories?post=5888"},{"taxonomy":"post_tag","embeddable":true,"href":"https:\/\/meier-gerdingh.de\/wp-spd-ob\/wp-json\/wp\/v2\/tags?post=5888"},{"taxonomy":"quellen","embeddable":true,"href":"https:\/\/meier-gerdingh.de\/wp-spd-ob\/wp-json\/wp\/v2\/quellen?post=5888"}],"curies":[{"name":"wp","href":"https:\/\/api.w.org\/{rel}","templated":true}]}}