{"id":589,"date":"2007-07-02T16:00:00","date_gmt":"2007-07-02T14:00:00","guid":{"rendered":"http:\/\/www.meier-gerdingh.de\/spd-oberhausen\/wp\/?p=589"},"modified":"2017-05-14T15:11:34","modified_gmt":"2017-05-14T13:11:34","slug":"mehr-soziale-gerechtigkeit","status":"publish","type":"post","link":"https:\/\/meier-gerdingh.de\/wp-spd-ob\/2007\/07\/02\/mehr-soziale-gerechtigkeit\/","title":{"rendered":"Mehr soziale Gerechtigkeit"},"content":{"rendered":"<div style=\"width: 190px\" class=\"wp-caption alignleft\"><a href=\"http:\/\/meier-gerdingh.de\/wp-spd-ob\/wp-content\/uploads\/heil_hubertus.jpg\"><img decoding=\"async\" class=\"size-full\" src=\"http:\/\/meier-gerdingh.de\/wp-spd-ob\/wp-content\/uploads\/heil_hubertus.jpg\" alt=\"Diskutierte in Oberhausen \u00fcber das neue Grundsatzprogramm: SPD-Generalsekret\u00e4r Hubertus Heil\" width=\"180\" height=\"207\" \/><\/a><p class=\"wp-caption-text\">Diskutierte in Oberhausen \u00fcber das neue Grundsatzprogramm: SPD-Generalsekret\u00e4r Hubertus Heil<\/p><\/div>\n<p>&#8222;Soziale Demokratie im 21 Jahrhundert&#8220; ist der Titel des neuen Grundsatzprogramms der SPD, das SPD-Generalsekret\u00e4r Hubertus Heil vor mehr als 100 Zuh\u00f6rerinnen und Zuh\u00f6ren in der Gastst\u00e4tte &#8222;Gdanzska&#8220; erl\u00e4uterte. Im Mittelpunkt stand dabei die Forderung nach mehr sozialer Gerechtigkeit und die Frage, wie diese unter ver\u00e4nderten Rahmenbedingungen erreicht werden kann. Heil suchte in Oberhausen den Kontakt mit der Bev\u00f6lkerung und der SPD-Basis, um Anregungen und Kritik zum Entwurf des neuen Grundsatzprogramms aufzunehmen.<!--more--><\/p>\n<p>Er verdeutlichte dabei, dass die Kommunalpolitik im Sinne der B\u00fcrgerinnen und B\u00fcrger vor Ort f\u00fcr die SPD von besonderer Bedeutung sei. &#8222;Die Kommunen sind nicht das Kellergeschoss unseres Staates, sondern die Basis der Demokratie.&#8220;<\/p>\n<p>Einen besonderen Schwerpunkt legte Heil in seinen Ausf\u00fchrungen auf die Vermeidung sozialer Ungleichheiten. Hierzu seien Anstrengungen in der Bildungspolitik besonders wichtig. Dazu geh\u00f6re der beitragsfreie Kindergarten genauso wie der Verzicht auf Studiengeb\u00fchren.<\/p>\n<p>Der Oberhausener SPD-Vorsitzende Wolfgang Gro\u00dfe Br\u00f6mer unterst\u00fctzte das Vorhaben Heils, die Forderung nach mehr sozialer Gerechtigkeit in den Mittelpunkt der Anstrengungen der SPD zu stellen. Zu Beginn der Veranstaltung unterstrich er, dass die Oberhausener SPD bei der Diskussion um das neue Grundsatzprogramm nicht nur im eigenen Saft schmoren will. So begr\u00fc\u00dfte er unter anderen Henrike Greven (DGB), Dieter Sch\u00e4fer (Verdi) und den Superindendenten der Evangelischen Kirche Dieter Hofmann als G\u00e4ste.<\/p>\n<p>Ebenfalls aus Oberhausen kam der kulturelle Beitrag zur Veranstaltung. &#8222;Die Kaum Unglaublichen&#8220; aus Oberhausen unterhielten das Publikum vor und nach der Diskussion und in der Pause.<\/p>\n<p>Zum Abschluss fasste Hubertus Heil seine Vision zusammen, die er mit dem neuen Grundsatzprogramm verbindet: &#8222;Jedes Kind, das eingeschult wird, spricht die deutsche Sprache, jeder Jugendliche bekommt einen Ausbildungsplatz, eine neue Entspannungspolitik &#8211; denn mit Kriegen l\u00f6st man keine Konflikte -, eine neue Energiepolitik ohne Atomkraft und eine humanere Arbeitswelt, dies sind konkrete Ziele, die die SPD in den n\u00e4chsten Jahren erreichen will&#8220;.<\/p>\n","protected":false},"excerpt":{"rendered":"<p>&#8222;Soziale Demokratie im 21 Jahrhundert&#8220; ist der Titel des neuen Grundsatzprogramms der SPD, das SPD-Generalsekret\u00e4r Hubertus Heil vor mehr als 100 Zuh\u00f6rerinnen und Zuh\u00f6ren in der Gastst\u00e4tte &#8222;Gdanzska&#8220; erl\u00e4uterte. Im&hellip; <\/p>\n","protected":false},"author":1,"featured_media":0,"comment_status":"closed","ping_status":"closed","sticky":false,"template":"","format":"standard","meta":{"footnotes":""},"categories":[1],"tags":[],"quellen":[],"class_list":["post-589","post","type-post","status-publish","format-standard","hentry","category-allgemein"],"_links":{"self":[{"href":"https:\/\/meier-gerdingh.de\/wp-spd-ob\/wp-json\/wp\/v2\/posts\/589","targetHints":{"allow":["GET"]}}],"collection":[{"href":"https:\/\/meier-gerdingh.de\/wp-spd-ob\/wp-json\/wp\/v2\/posts"}],"about":[{"href":"https:\/\/meier-gerdingh.de\/wp-spd-ob\/wp-json\/wp\/v2\/types\/post"}],"author":[{"embeddable":true,"href":"https:\/\/meier-gerdingh.de\/wp-spd-ob\/wp-json\/wp\/v2\/users\/1"}],"replies":[{"embeddable":true,"href":"https:\/\/meier-gerdingh.de\/wp-spd-ob\/wp-json\/wp\/v2\/comments?post=589"}],"version-history":[{"count":0,"href":"https:\/\/meier-gerdingh.de\/wp-spd-ob\/wp-json\/wp\/v2\/posts\/589\/revisions"}],"wp:attachment":[{"href":"https:\/\/meier-gerdingh.de\/wp-spd-ob\/wp-json\/wp\/v2\/media?parent=589"}],"wp:term":[{"taxonomy":"category","embeddable":true,"href":"https:\/\/meier-gerdingh.de\/wp-spd-ob\/wp-json\/wp\/v2\/categories?post=589"},{"taxonomy":"post_tag","embeddable":true,"href":"https:\/\/meier-gerdingh.de\/wp-spd-ob\/wp-json\/wp\/v2\/tags?post=589"},{"taxonomy":"quellen","embeddable":true,"href":"https:\/\/meier-gerdingh.de\/wp-spd-ob\/wp-json\/wp\/v2\/quellen?post=589"}],"curies":[{"name":"wp","href":"https:\/\/api.w.org\/{rel}","templated":true}]}}