{"id":59,"date":"2002-01-23T17:00:00","date_gmt":"2002-01-23T15:00:00","guid":{"rendered":"http:\/\/www.meier-gerdingh.de\/spd-oberhausen\/wp\/?p=59"},"modified":"2017-05-12T09:31:53","modified_gmt":"2017-05-12T07:31:53","slug":"soziale-dienstleistungsfunktion-des-landschaftsverbandes-stuetzen","status":"publish","type":"post","link":"https:\/\/meier-gerdingh.de\/wp-spd-ob\/2002\/01\/23\/soziale-dienstleistungsfunktion-des-landschaftsverbandes-stuetzen\/","title":{"rendered":"Soziale Dienstleistungsfunktion des Landschaftsverbandes st\u00fctzen"},"content":{"rendered":"<div style=\"width: 116px\" class=\"wp-caption alignleft\"><a href=\"http:\/\/meier-gerdingh.de\/wp-spd-ob\/wp-content\/uploads\/lvr.gif\"><img decoding=\"async\" class=\"size-full\" src=\"http:\/\/meier-gerdingh.de\/wp-spd-ob\/wp-content\/uploads\/lvr.gif\" alt=\"Logo Landschaftsverband Rheinland\" width=\"106\" height=\"82\" \/><\/a><p class=\"wp-caption-text\">Logo Landschaftsverband Rheinland<\/p><\/div>\n<p>Um aktuelle Eckdaten und Perspektiven des Landschaftsverbandes Rheinland ging es in der j\u00fcngsten Sitzung des AK Jugend und Soziales der SPD-Fraktion. Die beiden SPD-Stadtverordneten in der Landschaftsversammlung, Thomas Di\u00dfelmeyer und Klaus K\u00f6sling, berichteten ausf\u00fchrlich \u00fcber den LVR-Haushalt f\u00fcr das laufende Jahr sowie absehbare Entwicklungen bei der sozialen Aufgabenwahrnehmung des Landschaftsverbandes.<!--more--><\/p>\n<p>Nach dem aktuellen Planungsstand ist vorgesehen, dass der Landschaftsverband Rheinland mit 1,978 Mrd. Euro f\u00fcr Sozialhilfeaufwendungen den Gro\u00dfteil des Gesamtausgabenvolumens in H\u00f6he von 3,033 Mrd. Euro in den wichtigen Aufgabengebieten Eingliederungshilfe f\u00fcr Menschen mit Behinderungen, Hilfe zur Pflege und betreutes Wohnen als \u00fcber\u00f6rtlicher Sozialhilfetr\u00e4ger zur Verf\u00fcgung stellen wird.<\/p>\n<p>&#8222;Die Struktur, dass in einem regionalen Konsens solidarisch Kosten f\u00fcr soziale Infrastruktur aufgebracht werden, die von jeder einzelnen Stadt alleine nicht finanziert werden k\u00f6nnten, hat sich grunds\u00e4tzlich bew\u00e4hrt&#8220;, so fasst der neue Arbeitskreisleiter Jugend und Soziales der SPD-Ratsfraktion Frank Motschull die Diskussion zusammen.<\/p>\n<p>Vor dem Hintergrund, dass die aktuelle Haushaltsplanung des Landschaftsverbandes zur Zeit ein Defizit in H\u00f6he von rd. 80 Mio. Euro ausweist, hat der Arbeitskreis festgehalten, dieses nicht automatisch durch eine Leistungseinschr\u00e4nkung im sozialen Bereich auszugleichen. Eine pauschale Umlageerh\u00f6hung der Mitgliedsst\u00e4dte ist vor dem Hintergrund der allgemein defizit\u00e4ren Finanzlage der St\u00e4dte und Gemeinden, speziell aber auch mit Blick auf den Haushalt der Stadt Oberhausen, nachrangig zu diskutieren. Denn: bereits eine Erh\u00f6hung der Umlage um 1 % hat eine Mehrausgabe der Stadt in H\u00f6he von rd. 2,2 Mio. Euro im Jahr zum Ergebnis.<\/p>\n<p>Vielmehr gilt nach Ausfassung der Sozialdemokraten, dass die Landschaftsverbandsorganisation sich einer \u00e4hnlich kritischen Aufgaben- und Ausgaben\u00fcberpr\u00fcfung zu stellen hat, wie nahezu alle \u00f6ffentlich verantworteten Verwaltungsbereiche der Mitgliedskommunen.<\/p>\n<p>Die SPD-Vertreter in der Landschaftsversammlung wurden gebeten, \u00fcber aktuelle Entwicklungen zeitnah zu berichten.<\/p>\n<p>In der n\u00e4chsten Sitzung will sich der Arbeitskreis Soziales der SPD-Fraktion im Detail mit den gesetzlichen Rahmenbedingungen bei Abschiebungen besch\u00e4ftigen. Durch die in der letzten Zeit bekannt gewordenen Schicksale, wonach Kinder und Jugendliche durch Abschiebung aus der Schulausbildung gerissen worden w\u00e4ren, soll die vertiefende Information auch Hinweise dazu liefern, ob Ankn\u00fcpfungspunkte bestehen, eine auch regional einheitliche Anwendung der gesetzlichen Regelungen politisch zu initiieren.<\/p>\n","protected":false},"excerpt":{"rendered":"<p>Um aktuelle Eckdaten und Perspektiven des Landschaftsverbandes Rheinland ging es in der j\u00fcngsten Sitzung des AK Jugend und Soziales der SPD-Fraktion. Die beiden SPD-Stadtverordneten in der Landschaftsversammlung, Thomas Di\u00dfelmeyer und&hellip; <\/p>\n","protected":false},"author":1,"featured_media":0,"comment_status":"closed","ping_status":"closed","sticky":false,"template":"","format":"standard","meta":{"footnotes":""},"categories":[1],"tags":[],"quellen":[],"class_list":["post-59","post","type-post","status-publish","format-standard","hentry","category-allgemein"],"_links":{"self":[{"href":"https:\/\/meier-gerdingh.de\/wp-spd-ob\/wp-json\/wp\/v2\/posts\/59","targetHints":{"allow":["GET"]}}],"collection":[{"href":"https:\/\/meier-gerdingh.de\/wp-spd-ob\/wp-json\/wp\/v2\/posts"}],"about":[{"href":"https:\/\/meier-gerdingh.de\/wp-spd-ob\/wp-json\/wp\/v2\/types\/post"}],"author":[{"embeddable":true,"href":"https:\/\/meier-gerdingh.de\/wp-spd-ob\/wp-json\/wp\/v2\/users\/1"}],"replies":[{"embeddable":true,"href":"https:\/\/meier-gerdingh.de\/wp-spd-ob\/wp-json\/wp\/v2\/comments?post=59"}],"version-history":[{"count":0,"href":"https:\/\/meier-gerdingh.de\/wp-spd-ob\/wp-json\/wp\/v2\/posts\/59\/revisions"}],"wp:attachment":[{"href":"https:\/\/meier-gerdingh.de\/wp-spd-ob\/wp-json\/wp\/v2\/media?parent=59"}],"wp:term":[{"taxonomy":"category","embeddable":true,"href":"https:\/\/meier-gerdingh.de\/wp-spd-ob\/wp-json\/wp\/v2\/categories?post=59"},{"taxonomy":"post_tag","embeddable":true,"href":"https:\/\/meier-gerdingh.de\/wp-spd-ob\/wp-json\/wp\/v2\/tags?post=59"},{"taxonomy":"quellen","embeddable":true,"href":"https:\/\/meier-gerdingh.de\/wp-spd-ob\/wp-json\/wp\/v2\/quellen?post=59"}],"curies":[{"name":"wp","href":"https:\/\/api.w.org\/{rel}","templated":true}]}}