{"id":590,"date":"2007-07-11T16:00:00","date_gmt":"2007-07-11T14:00:00","guid":{"rendered":"http:\/\/www.meier-gerdingh.de\/spd-oberhausen\/wp\/?p=590"},"modified":"2017-05-14T15:11:25","modified_gmt":"2017-05-14T13:11:25","slug":"termine-der-sommerschule-2007","status":"publish","type":"post","link":"https:\/\/meier-gerdingh.de\/wp-spd-ob\/2007\/07\/11\/termine-der-sommerschule-2007\/","title":{"rendered":"Termine der Sommerschule 2007"},"content":{"rendered":"<p><a href=\"http:\/\/meier-gerdingh.de\/wp-spd-ob\/wp-content\/uploads\/logo_spd_ob.gif\"><img decoding=\"async\" class=\"size-full alignleft\" src=\"http:\/\/meier-gerdingh.de\/wp-spd-ob\/wp-content\/uploads\/logo_spd_ob.gif\" alt=\"\" width=\"140\" height=\"150\" \/><\/a>Die Oberhausener SPD setzt auch in diesem Jahr ihre traditionelle Sommerschule in der Ferienzeit fort. Wir haben wieder ein interessantes und abwechslungsreiches Programm zusammengestellt, das \u00fcber einige wichtige Projekte in Oberhausen vor Ort informiert. Auf dem &#8222;Stundenplan&#8220; stehen u.a. das Projekt &#8222;Neubau des S\u00fcdbades&#8220;, &#8222;Neubau der F\u00f6rderschule f\u00fcr k\u00f6rperbehinderte Kinder an der<br \/>\nvon-Trotha-Stra\u00dfe&#8220;, der &#8222;Oberhausener Industrie- und Technologie-Gewerbepark&#8220; sowie die &#8222;Eckpunkte des Emscherumbaus in Oberhausen mit dem Stichwort Sportpark Emscherinsel&#8220;. Alle Interssierten sind herzlich eingeladen.<!--more--><\/p>\n<p><b>1. Termin:<br \/>\nDonnerstag, 12. Juli 2007<br \/>\nTreffpunkt: 16.00 Uhr, an der Willy-J\u00fcrissen-Halle, Goebenstra\u00dfe<\/b><\/p>\n<p>Das Umfeld des S\u00fcdbades ist in der Oberhausener Innenstadt von zentraler Bedeutung, kommunale Dienstleistungen, von Schule \u00fcber Sport, Schwimmen und Freizeit, werden hier geb\u00fcndelt. Mit dem <b>Bau des neuen Zentralbades<\/b> &#8211; der symbolische erste Spatenstich wird in wenigen Tagen vollzogen &#8211; soll auch das gesamte Umfeld \u00fcberarbeitet und neu gestaltet werden. Bunkerabriss, neue Wegef\u00fchrungen und Attraktivierung des gesamten Quartieres sind ehrgeizige Vorhaben, die ankn\u00fcpfen an die unter der \u00dcberschrift <b>&#8222;OberhausenCity&#8220;<\/b> geb\u00fcndelten erfolgreichen Projekte. In einem Rundgang wird uns Horst Kalthoff, Betriebsleiter Technisches Management der Oberhausener Geb\u00e4udemanagement (OGM) wichtige Eckpunkte dieses Projektes darstellen und \u00fcber Zeit-\/Zielpl\u00e4ne informieren.<\/p>\n<p>In einem zweiten Teil wird uns Dietmar Ingenerf, Bereichsleiter Sport der Stadtverwaltung Oberhausen, einen Baustein dieses Projektes ausf\u00fchrlicher erl\u00e4utern: Mit einem kontinuierlich angelegten <b>Sanierungsprogramm<\/b> wird die <b>Willy-J\u00fcrissen-Halle<\/b> ihrer Bedeutung als Aush\u00e4ngeschild des Oberhausener Hallensports entsprechend fit gemacht. Horst Wolter, Fraktionssprecher im Sportausschuss, und Thomas Di\u00dfelmeyer, zust\u00e4ndiger Stadtverordneter, werden die Leitung dieser ersten Unterrichtsstunde \u00fcbernehmen.<\/p>\n<p><b>2. Termin:<br \/>\nFreitag, 20. Juli 2007<br \/>\nTreffpunkt: 16.00 Uhr, Neubau F\u00f6rderschule f\u00fcr k\u00f6rperbehinderte Kinder, von-Trotha-Stra\u00dfe<\/b><\/p>\n<p><i><b>Richtfest f\u00fcr neue Schule in Oberhausen &#8211; Pressemitteilung vom 22.09.2006:<\/b><\/i><\/p>\n<p>&#8222;LVR investiert 17 Millionen Euro in F\u00f6rderschule f\u00fcr k\u00f6rperbehinderte Kinder \/ F\u00f6rderung von 120 Kindern aus Oberhausen, Essen und Kreis Wesel \/ \u00d6kologische Bauweise<\/p>\n<p>An der von-Trotha-Stra\u00dfe in Oberhausen-Sterkrade baut der Landschaftsverband Rheinland (LVR) eine <b>neue Schule f\u00fcr k\u00f6rperbehinderte Kinder<\/b>. Gestern wurde das Richtfest gefeiert, der Schulbetrieb soll zum kommenden Schuljahr im Sommer 2007 beginnen. Etwas sp\u00e4ter, im November 2007, soll auch der Sportbereich mit Turnhalle und Therapie-Schwimmbecken fertig sein. &amp;039;Wir feiern in Oberhausen einen Anlass, der in den vergangenen Jahren, in denen \u00fcberall gespart wird, eher ungew\u00f6hnlich geworden ist: das Richtfest f\u00fcr eine neue Schule&amp;039;, sagte Harry Voigtsberger, der Stellvertretende Direktor und Baudezernent des LVR. Rund 120 Kinder aus Oberhausen, dem nordwestlichen Teil der Stadt Essen und aus Teilen des Kreises Wesel werden ab dem Schuljahr 2007\/2008 von 60 Lehr-, Therapie- und Pflegekr\u00e4ften in Sterkrade unterrichtet und gef\u00f6rdert.&#8220;<\/p>\n<p>So eine Pressemitteilung des Landschaftsverbandes Rheinland, die wesentliche Eckpunkte dieser herausragenden Investition in Oberhausen zusammenfasst. Im Rahmen einer Baustellenbesichtigung wird uns Harry Voigtsberger, erster Landesrat und K\u00e4mmerer des Landschaftsverbandes Rheinland, den Neubau vorstellen. Die Vorsitzende des Jugendhilfeausschusses Beatriks Brands wird gemeinsam mit Klaus K\u00f6sling, Mitglied in der Landschaftsversammlung und engagierter K\u00fcmmerer f\u00fcr diese sozialpolitisch wichtige Investition in Oberhausen, diesen Sommerschultermin begleiten.<\/p>\n<p><b>3. Termin:<br \/>\nDonnerstag, 26. Juli 2007<br \/>\nTreffpunkt: 11.00 Uhr, OITG, Duisburger Stra\u00dfe 375<\/b><\/p>\n<p>OITG, im Klartext: <b>&#8222;Oberhausener Industrie- und Technologie-Gewerbepark&#8220;<\/b>, unter diesem Titel k\u00fcmmert sich die Dazzle Oberhausen GmbH um eine sinnvolle Folgenutzung ehemaliger Babcock-Liegenschaften an der Duisburger Stra\u00dfe. &#8222;Im Oberhausener Industrie- und Technologie-Gewerbepark (ehemals Babcock Borsig AG) sind zur Zeit rund 40 Unternehmen angesiedelt und es werden t\u00e4glich mehr. Seit Er\u00f6ffnung des Parks im April 2006 haben sich bereits mehr als 10 neue Unternehmen hier angesiedelt. Tendenz steigend. Auf Grund der guten wirtschaftlichen Lage und voller Auftragsb\u00fccher hat eine Reihe der hier ans\u00e4ssigen Unternehmen ihre Mietvertr\u00e4ge in den letzten Monaten langfristig verl\u00e4ngert&#8220;, so die aktuelle Selbstdarstellung im Internet.<\/p>\n<p>Ein Paradebeispiel f\u00fcr eine positive Firmenentwicklung an diesem Standort ist die ehemalige Fertigung Oberhausen der BBP Energy GmbH, die als eigenst\u00e4ndige Gesellschaft unter dem Namen BABCOCK Fertigungszentrum GmbH firmiert. Motivierte Belegschaftsmitglieder, ausgestattet mit dem erforderlichen Know-how, sorgen mit einem breiten Fertigungsspektrum auf rd. 16.000 Quadratmetern Fl\u00e4che daf\u00fcr, dass mehr als 100 industrielle Arbeitspl\u00e4tze in Oberhausen gesichert bleiben. In dem Sommerschultermin, den Oberb\u00fcrgermeister Klaus Wehling gemeinsam mit Babcock-Urgestein Dieter Jan\u00dfen leiten wird, wollen wir uns nicht nur \u00fcber die gesamte Entwicklung des Areals informieren. Vielmehr steht auch eine <b>Betriebsbesichtigung der Babcock-Fertigungszentrum GmbH<\/b> auf dem Stundenplan. Als kompetente Gespr\u00e4chspartner werden uns Herr Schewe und Herr Geuke von der Dazzle Oberhausen und seitens der Babcock Fertigungszentrum GmbH der gesch\u00e4ftsf\u00fchrende Gesellschafter Herr Wei\u00dfenfels durch diese mit Sicherheit sehr interessante Unterrichtsstunde f\u00fchren.<\/p>\n<p><b>4. Termin:<br \/>\nDonnerstag, 02. August 2007<br \/>\nTreffpunkt: 16.00 Uhr, Sport- und Freizeitpark Stadion Niederrhein<\/b><\/p>\n<p>Einer noch jungen Tradition folgend, wollen wir auch in diesem Jahr das Sommerschulprogramm mit einem informativen und einem geselligen Teil ausklingen lassen. Wie in den beiden vorangegangenen Jahren treffen wir uns hierzu im Sport- und Freizeitpark Stadion Niederrhein (Eingang an der Lindnerstra\u00dfe). Im ersten Teil werden uns <b>Eckpunkte des Emscherumbaus in Oberhausen<\/b>, Stichwort ist hier insbesondere auch der <b>Sportpark Emscherinsel<\/b> &#8211; vorgestellt. Hierzu wird uns durch die Emschergenossenschaft &#8211; angefragt ist hier eine kompetente Vertretung der &#8222;Stabsstelle Emscherzukunft&#8220; &#8211; wichtige Rahmendaten vorgestellt. F\u00fcr weitere ggf. bestehende Fragen zum Emscherumbau wird Helmut Czichy, Bereichsleiter Umweltschutz der Stadt Oberhausen, ebenfalls als Gespr\u00e4chspartner zur Verf\u00fcgung stehen.<\/p>\n<p>In dem anschlie\u00dfenden zweiten Teil wollen wir die Sommerschule &#8211; wie im letzten Jahr &#8211; bei guten Gespr\u00e4chen, einem gek\u00fchlten Getr\u00e4nk und Leckerem vom Grill ausklingen lassen. Neben unserem &#8222;Gastgeber&#8220; Josef Loege, dem Arbeitskreisleiter Sport der SPD-Ratsfraktion, wird Anne Jan\u00dfen, stellv. Fraktionsvorsitzende und Vorsitzende des Umweltausschusses, den Termin leiten.<\/p>\n","protected":false},"excerpt":{"rendered":"<p>Die Oberhausener SPD setzt auch in diesem Jahr ihre traditionelle Sommerschule in der Ferienzeit fort. Wir haben wieder ein interessantes und abwechslungsreiches Programm zusammengestellt, das \u00fcber einige wichtige Projekte in&hellip; <\/p>\n","protected":false},"author":1,"featured_media":0,"comment_status":"closed","ping_status":"closed","sticky":false,"template":"","format":"standard","meta":{"footnotes":""},"categories":[1],"tags":[],"quellen":[],"class_list":["post-590","post","type-post","status-publish","format-standard","hentry","category-allgemein"],"_links":{"self":[{"href":"https:\/\/meier-gerdingh.de\/wp-spd-ob\/wp-json\/wp\/v2\/posts\/590","targetHints":{"allow":["GET"]}}],"collection":[{"href":"https:\/\/meier-gerdingh.de\/wp-spd-ob\/wp-json\/wp\/v2\/posts"}],"about":[{"href":"https:\/\/meier-gerdingh.de\/wp-spd-ob\/wp-json\/wp\/v2\/types\/post"}],"author":[{"embeddable":true,"href":"https:\/\/meier-gerdingh.de\/wp-spd-ob\/wp-json\/wp\/v2\/users\/1"}],"replies":[{"embeddable":true,"href":"https:\/\/meier-gerdingh.de\/wp-spd-ob\/wp-json\/wp\/v2\/comments?post=590"}],"version-history":[{"count":0,"href":"https:\/\/meier-gerdingh.de\/wp-spd-ob\/wp-json\/wp\/v2\/posts\/590\/revisions"}],"wp:attachment":[{"href":"https:\/\/meier-gerdingh.de\/wp-spd-ob\/wp-json\/wp\/v2\/media?parent=590"}],"wp:term":[{"taxonomy":"category","embeddable":true,"href":"https:\/\/meier-gerdingh.de\/wp-spd-ob\/wp-json\/wp\/v2\/categories?post=590"},{"taxonomy":"post_tag","embeddable":true,"href":"https:\/\/meier-gerdingh.de\/wp-spd-ob\/wp-json\/wp\/v2\/tags?post=590"},{"taxonomy":"quellen","embeddable":true,"href":"https:\/\/meier-gerdingh.de\/wp-spd-ob\/wp-json\/wp\/v2\/quellen?post=590"}],"curies":[{"name":"wp","href":"https:\/\/api.w.org\/{rel}","templated":true}]}}