{"id":5906,"date":"2018-11-29T14:52:10","date_gmt":"2018-11-29T13:52:10","guid":{"rendered":"https:\/\/meier-gerdingh.de\/wp-spd-ob\/?p=5906"},"modified":"2018-11-29T14:52:10","modified_gmt":"2018-11-29T13:52:10","slug":"cdu-will-oberhausen-bei-strassenbaubeitraegen-benachteiligen","status":"publish","type":"post","link":"https:\/\/meier-gerdingh.de\/wp-spd-ob\/2018\/11\/29\/cdu-will-oberhausen-bei-strassenbaubeitraegen-benachteiligen\/","title":{"rendered":"CDU will Oberhausen bei Stra\u00dfenbaubeitr\u00e4gen benachteiligen"},"content":{"rendered":"<p>Sonja Bongers und Stefan Zimkeit lehnen es ab, den St\u00e4dten die Verantwortung f\u00fcr die Abschaffung der Stra\u00dfenbaubeitr\u00e4ge zuzuschieben. Ein entsprechender Antrag sei mit der Mehrheit von CDU und FDP per Hammelsprung im Landtag beschlossen worden.<\/p>\n<p>Die beiden SPD-Abgeordneten sehen hingegen das Land NRW in der Pflicht, die Beteiligung der Anlieger an den Sanierungskosten finanziell zu \u00fcbernehmen. &#8222;Die SPD h\u00e4lt deshalb an ihrem Gesetzentwurf fest, die Stra\u00dfenausbaubeitr\u00e4ge landesweit zu beseitigen&#8220;, sagt Zimkeit. Der CDU-Fraktionschef habe die SPD-Forderung aber als &#8222;Freibier f\u00fcr alle&#8220; bezeichnet.<!--more--><\/p>\n<p>&#8222;Stattdessen m\u00f6chte die schwarz-gelbe Koalition nun ein Optionsmodell einf\u00fchren, bei dem jede Stadt selbst entscheiden darf, ob sie die Anliegerbeteiligung abschafft oder beibeh\u00e4lt&#8220;, so der SPD-Finanzexperte. &#8222;Dabei bleiben die Kommunen auf den Kosten sitzen.&#8220;<\/p>\n<p>&#8222;Reiche Kommunen werden sich die Abschaffung erlauben k\u00f6nnen, arme St\u00e4dte leider nicht&#8220;, protestiert die Abgeordnete Sonja Bongers. Die Grundst\u00fcckseigent\u00fcmer in St\u00e4dten wie Oberhausen w\u00fcrden weiterhin zur Kasse gebeten. Bongers fordert Oberhausens CDU auf, bei ihrer Landespartei gegen diese Ungleichbehandlung Stellung zu beziehen.<\/p>\n<p>Stefan Zimkeit macht darauf aufmerksam, dass die CDU-FDP-Landesregierung die St\u00e4dte im Ruhrgebiet bereits an vielen Stellen benachteiligt. &#8222;Das Optionsmodell bei den Stra\u00dfenbaubeitr\u00e4gen w\u00e4re der n\u00e4chste Schritt.&#8220;<\/p>\n","protected":false},"excerpt":{"rendered":"<p>Sonja Bongers und Stefan Zimkeit lehnen es ab, den St\u00e4dten die Verantwortung f\u00fcr die Abschaffung der Stra\u00dfenbaubeitr\u00e4ge zuzuschieben. Ein entsprechender Antrag sei mit der Mehrheit von CDU und FDP per&hellip; <\/p>\n","protected":false},"author":1,"featured_media":0,"comment_status":"closed","ping_status":"closed","sticky":false,"template":"","format":"standard","meta":{"footnotes":""},"categories":[216,27],"tags":[1383,1717,1712],"quellen":[1317,331],"class_list":["post-5906","post","type-post","status-publish","format-standard","hentry","category-land","category-planen-bauen-wohnen-verkehr","tag-kommunen","tag-strassenausbaubeitraege","tag-strassenbaubeitraege","quellen-mdl-sonja-bongers","quellen-mdl-stefan-zimkeit"],"_links":{"self":[{"href":"https:\/\/meier-gerdingh.de\/wp-spd-ob\/wp-json\/wp\/v2\/posts\/5906","targetHints":{"allow":["GET"]}}],"collection":[{"href":"https:\/\/meier-gerdingh.de\/wp-spd-ob\/wp-json\/wp\/v2\/posts"}],"about":[{"href":"https:\/\/meier-gerdingh.de\/wp-spd-ob\/wp-json\/wp\/v2\/types\/post"}],"author":[{"embeddable":true,"href":"https:\/\/meier-gerdingh.de\/wp-spd-ob\/wp-json\/wp\/v2\/users\/1"}],"replies":[{"embeddable":true,"href":"https:\/\/meier-gerdingh.de\/wp-spd-ob\/wp-json\/wp\/v2\/comments?post=5906"}],"version-history":[{"count":0,"href":"https:\/\/meier-gerdingh.de\/wp-spd-ob\/wp-json\/wp\/v2\/posts\/5906\/revisions"}],"wp:attachment":[{"href":"https:\/\/meier-gerdingh.de\/wp-spd-ob\/wp-json\/wp\/v2\/media?parent=5906"}],"wp:term":[{"taxonomy":"category","embeddable":true,"href":"https:\/\/meier-gerdingh.de\/wp-spd-ob\/wp-json\/wp\/v2\/categories?post=5906"},{"taxonomy":"post_tag","embeddable":true,"href":"https:\/\/meier-gerdingh.de\/wp-spd-ob\/wp-json\/wp\/v2\/tags?post=5906"},{"taxonomy":"quellen","embeddable":true,"href":"https:\/\/meier-gerdingh.de\/wp-spd-ob\/wp-json\/wp\/v2\/quellen?post=5906"}],"curies":[{"name":"wp","href":"https:\/\/api.w.org\/{rel}","templated":true}]}}