{"id":5908,"date":"2018-11-28T16:05:17","date_gmt":"2018-11-28T15:05:17","guid":{"rendered":"https:\/\/meier-gerdingh.de\/wp-spd-ob\/?p=5908"},"modified":"2018-11-30T16:12:53","modified_gmt":"2018-11-30T15:12:53","slug":"im-kittchen-ist-kein-zimmer-frei","status":"publish","type":"post","link":"https:\/\/meier-gerdingh.de\/wp-spd-ob\/2018\/11\/28\/im-kittchen-ist-kein-zimmer-frei\/","title":{"rendered":"Im Kittchen ist kein Zimmer frei"},"content":{"rendered":"<div id=\"attachment_5285\" style=\"width: 190px\" class=\"wp-caption alignleft\"><a href=\"https:\/\/meier-gerdingh.de\/wp-spd-ob\/wp-content\/uploads\/2018\/06\/14_bongers_sonja_1000.jpg\"><img aria-describedby=\"caption-attachment-5285\" decoding=\"async\" class=\"size-full wp-image-5285\" src=\"https:\/\/meier-gerdingh.de\/wp-spd-ob\/wp-content\/uploads\/2018\/06\/14_bongers_sonja.jpg\" alt=\"\" width=\"180\" height=\"180\" srcset=\"https:\/\/meier-gerdingh.de\/wp-spd-ob\/wp-content\/uploads\/2018\/06\/14_bongers_sonja.jpg 180w, https:\/\/meier-gerdingh.de\/wp-spd-ob\/wp-content\/uploads\/2018\/06\/14_bongers_sonja-150x150.jpg 150w\" sizes=\"(max-width: 180px) 100vw, 180px\" \/><\/a><p id=\"caption-attachment-5285\" class=\"wp-caption-text\">Sonja Bongers ist Mitglied des Landtags von Nordrhein-Westfalen f\u00fcr Alt-Oberhausen und Osterfeld<\/p><\/div>\n<p><em>Einem internen Bericht des Justizministeriums zufolge herrschen katastrophale Zust\u00e4nde im Justizvollzug. Die Bediensteten in den Gef\u00e4ngnissen haben eine halbe Million \u00dcberstunden angeh\u00e4uft. Fingerabdruckscanner liegen seit einem Jahr ungenutzt herum. Haftpl\u00e4tze stehen nicht zur Verf\u00fcgung. Und bis zu 500 Stellen allein im Strafvollzug sind unbesetzt. Dazu erkl\u00e4rt Sonja Bongers, rechtspolitische Sprecherin der SPD-Fraktion im Landtag NRW:<\/em><\/p>\n<p>&#8222;F\u00fcr diesen katastrophalen Zustand ist Minister Biesenbach h\u00f6chstpers\u00f6nlich verantwortlich. 1.135 neue Stellen waren mit dem Haushalt 2018 f\u00fcr Justiz und Strafvollzug vorgesehen. Aber stattdessen herrscht Aderlass. Das ist das Ergebnis eines v\u00f6llig verfehlten Managements im Justizwesen.<!--more--><\/p>\n<p>Biesenbach muss diese Entwicklung umgehend stoppen. Der erste Schritt dazu w\u00e4re eine umgehende Entfristung der \u00fcber 1.200 Stellen, die zum 1.10.2018 in Justiz und Strafvollzug befristet besetzt waren.<\/p>\n<p>Dar\u00fcber hinaus muss der Minister dringend daf\u00fcr sorgen, dass die ihm zur Verf\u00fcgung stehenden Stellen auch besetzt werden. Hier muss er sich endlich k\u00fcmmern und pers\u00f6nlich einsetzen. Seine bisherige Egalhaltung geht nur auf den R\u00fccken der Bediensteten. Das ist angesichts der immensen \u00dcberstunden im Strafvollzug unverantwortlich.<\/p>\n<p>Wir fordern zudem ein besseres Haftraummanagement. Dass immer wieder Haftpl\u00e4tze nicht zur Verf\u00fcgung stehen, ist eine Einladung an alle Straft\u00e4ter. Denn sie wissen: Im Kittchen ist kein Zimmer frei.&#8220;<\/p>\n","protected":false},"excerpt":{"rendered":"<p>Einem internen Bericht des Justizministeriums zufolge herrschen katastrophale Zust\u00e4nde im Justizvollzug. Die Bediensteten in den Gef\u00e4ngnissen haben eine halbe Million \u00dcberstunden angeh\u00e4uft. Fingerabdruckscanner liegen seit einem Jahr ungenutzt herum. Haftpl\u00e4tze&hellip; <\/p>\n","protected":false},"author":1,"featured_media":0,"comment_status":"closed","ping_status":"closed","sticky":false,"template":"","format":"standard","meta":{"footnotes":""},"categories":[216,7],"tags":[1772,1771,1761,1759,899,1770],"quellen":[1317],"class_list":["post-5908","post","type-post","status-publish","format-standard","hentry","category-land","category-sicherheit","tag-justizministerium-nrw","tag-justizvollzug","tag-justizvollzugsanstalten","tag-landeshaushalt-2019","tag-stellenbesetzung","tag-strafvollzug","quellen-mdl-sonja-bongers"],"_links":{"self":[{"href":"https:\/\/meier-gerdingh.de\/wp-spd-ob\/wp-json\/wp\/v2\/posts\/5908","targetHints":{"allow":["GET"]}}],"collection":[{"href":"https:\/\/meier-gerdingh.de\/wp-spd-ob\/wp-json\/wp\/v2\/posts"}],"about":[{"href":"https:\/\/meier-gerdingh.de\/wp-spd-ob\/wp-json\/wp\/v2\/types\/post"}],"author":[{"embeddable":true,"href":"https:\/\/meier-gerdingh.de\/wp-spd-ob\/wp-json\/wp\/v2\/users\/1"}],"replies":[{"embeddable":true,"href":"https:\/\/meier-gerdingh.de\/wp-spd-ob\/wp-json\/wp\/v2\/comments?post=5908"}],"version-history":[{"count":0,"href":"https:\/\/meier-gerdingh.de\/wp-spd-ob\/wp-json\/wp\/v2\/posts\/5908\/revisions"}],"wp:attachment":[{"href":"https:\/\/meier-gerdingh.de\/wp-spd-ob\/wp-json\/wp\/v2\/media?parent=5908"}],"wp:term":[{"taxonomy":"category","embeddable":true,"href":"https:\/\/meier-gerdingh.de\/wp-spd-ob\/wp-json\/wp\/v2\/categories?post=5908"},{"taxonomy":"post_tag","embeddable":true,"href":"https:\/\/meier-gerdingh.de\/wp-spd-ob\/wp-json\/wp\/v2\/tags?post=5908"},{"taxonomy":"quellen","embeddable":true,"href":"https:\/\/meier-gerdingh.de\/wp-spd-ob\/wp-json\/wp\/v2\/quellen?post=5908"}],"curies":[{"name":"wp","href":"https:\/\/api.w.org\/{rel}","templated":true}]}}