{"id":5909,"date":"2018-11-30T17:03:36","date_gmt":"2018-11-30T16:03:36","guid":{"rendered":"https:\/\/meier-gerdingh.de\/wp-spd-ob\/?p=5909"},"modified":"2019-11-21T18:14:35","modified_gmt":"2019-11-21T17:14:35","slug":"einladung-zum-advents-cafe-mit-ausstellung-und-vortrag","status":"publish","type":"post","link":"https:\/\/meier-gerdingh.de\/wp-spd-ob\/2018\/11\/30\/einladung-zum-advents-cafe-mit-ausstellung-und-vortrag\/","title":{"rendered":"Einladung zum Advents-Caf\u00e9 mit Ausstellung und Vortrag"},"content":{"rendered":"<p><a href=\"https:\/\/meier-gerdingh.de\/wp-spd-ob\/wp-content\/uploads\/2018\/11\/banner_zweiter_advent.jpg\"><img decoding=\"async\" class=\"aligncenter size-full wp-image-5911\" src=\"https:\/\/meier-gerdingh.de\/wp-spd-ob\/wp-content\/uploads\/2018\/11\/banner_zweiter_advent.jpg\" alt=\"\" width=\"720\" height=\"233\" srcset=\"https:\/\/meier-gerdingh.de\/wp-spd-ob\/wp-content\/uploads\/2018\/11\/banner_zweiter_advent.jpg 720w, https:\/\/meier-gerdingh.de\/wp-spd-ob\/wp-content\/uploads\/2018\/11\/banner_zweiter_advent-300x97.jpg 300w\" sizes=\"(max-width: 720px) 100vw, 720px\" \/><\/a>Die Adventszeit steht vor der T\u00fcr. Erstmals l\u00e4dt der Vorstand der Oberhausener SPD Mitglieder und Interessierte zu einem <strong>Advents-Caf\u00e9<\/strong> am zweiten Advent in das SPD-Parteib\u00fcro, Schwartzstra\u00dfe 52, ein. Bei Kaffee, Kuchen und Gl\u00fchwein wollen wir ein paar gesellige Stunden miteinander verbringen. Es findet statt:<\/p>\n<p><strong>SO\u00a0\u00a0|\u00a0\u00a009.12.2018\u00a0\u00a0|\u00a0\u00a014.00-17.00 Uhr<br \/>\nSPD-Parteib\u00fcro\u00a0\u00a0|\u00a0\u00a0Schwartzstr. 52\u00a0\u00a0|\u00a0\u00a046045 Oberhausen<\/strong><\/p>\n<p>Umrahmt wird die Veranstaltung durch die Wanderausstellung &#8222;Freiheit, Gerechtigkeit und Solidarit\u00e4t &#8211; die Geschichte der SPD&#8220; des Archivs der sozialen Demokratie der Friedrich-Ebert-Stiftung, welche vom 03.12. bis 20.12.2018, montags bis freitags von 09.00 bis 13.00 Uhr (montags und donnerstags bis 17.00 Uhr) in der SPD-Gesch\u00e4ftsstelle besucht werden kann.<!--more--><\/p>\n<p>Der Historiker und Leiter des Stadtarchivs Dr. Magnus Dellwig wird Interessierte mit einem Vortrag zum Thema &#8222;Oberhausen und die SPD&#8220; in die Ausstellung einf\u00fchren.<\/p>\n<p>\u00dcber Anmeldungen zum Caf\u00e9 und zur Ausstellung unter <a href=\"mailto:info@spd-oberhausen.de\">info@spd-oberhausen.de<\/a> w\u00fcrden wir uns freuen.<\/p>\n","protected":false},"excerpt":{"rendered":"<p>Die Adventszeit steht vor der T\u00fcr. Erstmals l\u00e4dt der Vorstand der Oberhausener SPD Mitglieder und Interessierte zu einem Advents-Caf\u00e9 am zweiten Advent in das SPD-Parteib\u00fcro, Schwartzstra\u00dfe 52, ein. Bei Kaffee,&hellip; <\/p>\n","protected":false},"author":1,"featured_media":0,"comment_status":"closed","ping_status":"closed","sticky":false,"template":"","format":"standard","meta":{"footnotes":""},"categories":[173,171],"tags":[1757,1756,1754,2126,1755],"quellen":[327],"class_list":["post-5909","post","type-post","status-publish","format-standard","hentry","category-parteileben","category-veranstaltungen","tag-archiv-der-sozialen-demokratie","tag-friedrich-ebert-stiftung","tag-geschichte-der-spd","tag-spd-adventscafe","tag-wanderausstellung","quellen-spd-unterbezirk-oberhausen"],"_links":{"self":[{"href":"https:\/\/meier-gerdingh.de\/wp-spd-ob\/wp-json\/wp\/v2\/posts\/5909","targetHints":{"allow":["GET"]}}],"collection":[{"href":"https:\/\/meier-gerdingh.de\/wp-spd-ob\/wp-json\/wp\/v2\/posts"}],"about":[{"href":"https:\/\/meier-gerdingh.de\/wp-spd-ob\/wp-json\/wp\/v2\/types\/post"}],"author":[{"embeddable":true,"href":"https:\/\/meier-gerdingh.de\/wp-spd-ob\/wp-json\/wp\/v2\/users\/1"}],"replies":[{"embeddable":true,"href":"https:\/\/meier-gerdingh.de\/wp-spd-ob\/wp-json\/wp\/v2\/comments?post=5909"}],"version-history":[{"count":0,"href":"https:\/\/meier-gerdingh.de\/wp-spd-ob\/wp-json\/wp\/v2\/posts\/5909\/revisions"}],"wp:attachment":[{"href":"https:\/\/meier-gerdingh.de\/wp-spd-ob\/wp-json\/wp\/v2\/media?parent=5909"}],"wp:term":[{"taxonomy":"category","embeddable":true,"href":"https:\/\/meier-gerdingh.de\/wp-spd-ob\/wp-json\/wp\/v2\/categories?post=5909"},{"taxonomy":"post_tag","embeddable":true,"href":"https:\/\/meier-gerdingh.de\/wp-spd-ob\/wp-json\/wp\/v2\/tags?post=5909"},{"taxonomy":"quellen","embeddable":true,"href":"https:\/\/meier-gerdingh.de\/wp-spd-ob\/wp-json\/wp\/v2\/quellen?post=5909"}],"curies":[{"name":"wp","href":"https:\/\/api.w.org\/{rel}","templated":true}]}}