{"id":5917,"date":"2018-11-28T18:51:02","date_gmt":"2018-11-28T17:51:02","guid":{"rendered":"https:\/\/meier-gerdingh.de\/wp-spd-ob\/?p=5917"},"modified":"2018-12-01T18:52:55","modified_gmt":"2018-12-01T17:52:55","slug":"spd-will-lebensqualitaet-in-alstaden-und-lirich-weiter-verbessern","status":"publish","type":"post","link":"https:\/\/meier-gerdingh.de\/wp-spd-ob\/2018\/11\/28\/spd-will-lebensqualitaet-in-alstaden-und-lirich-weiter-verbessern\/","title":{"rendered":"SPD will Lebensqualit\u00e4t in Alstaden und Lirich weiter verbessern"},"content":{"rendered":"<div id=\"attachment_5915\" style=\"width: 730px\" class=\"wp-caption aligncenter\"><a href=\"https:\/\/meier-gerdingh.de\/wp-spd-ob\/wp-content\/uploads\/2018\/12\/ov_west_klausur_2018_lg.jpg\"><img aria-describedby=\"caption-attachment-5915\" decoding=\"async\" class=\"size-full wp-image-5915\" src=\"https:\/\/meier-gerdingh.de\/wp-spd-ob\/wp-content\/uploads\/2018\/12\/ov_west_klausur_2018.jpg\" alt=\"\" width=\"720\" height=\"370\" srcset=\"https:\/\/meier-gerdingh.de\/wp-spd-ob\/wp-content\/uploads\/2018\/12\/ov_west_klausur_2018.jpg 720w, https:\/\/meier-gerdingh.de\/wp-spd-ob\/wp-content\/uploads\/2018\/12\/ov_west_klausur_2018-300x154.jpg 300w\" sizes=\"(max-width: 720px) 100vw, 720px\" \/><\/a><p id=\"caption-attachment-5915\" class=\"wp-caption-text\">Werden sich weiter mit ganzer Kraft f\u00fcr Alstaden und Lirich einsetzen: Mitglieder des SPD-Ortsvereins Oberhausen-West bei ihrer Jahrestagung in Goch.<\/p><\/div>\n<p>F\u00fcr die SPD in Alstaden und Lirich steht die weitere Verbesserung der Lebensqualit\u00e4t in den beiden Stadtteilen ganz oben auf der kommunalpolitischen Tagesordnung. Auf ihrer Jahresklausur Mitte November in Goch waren sich die Mitglieder des SPD-Ortsvereins West einig: Sporthallen, Sportpl\u00e4tze, B\u00fcrgerzentren oder andere Einrichtungen der Daseinsvorsorge m\u00fcssen wohnortnah erhalten bleiben oder wo n\u00f6tig neu entstehen und m\u00f6glichst vielen Menschen zug\u00e4nglich gemacht werden. Dazu geh\u00f6ren auch \u00f6ffentliche Pl\u00e4tze, wo sich Menschen treffen und ihre Freizeit miteinander gestalten k\u00f6nnen. Doch in einer Zeit, in der st\u00e4dtischer Freiraum immer knapper wird und die Konsolidierung des Haushalts im Vordergrund steht, weichen bisherige Freifl\u00e4chen immer h\u00e4ufiger privaten Bauprojekten.<!--more--><\/p>\n<p>Eine wesentliche Aufgabe von Kommunalpolitik besteht nach Auffassung des Ortsvereins darin, Anreize f\u00fcr Begegnungen im Stadtteil zu schaffen, damit sich Gemeinschaften bilden k\u00f6nnen und der solidarische Umgang der Menschen miteinander gest\u00e4rkt wird. Die Verbesserung der Angebote in den Stadtteilzentren f\u00fcr Jung und Alt ist dabei von besonderer Bedeutung. So l\u00e4sst sich zum Beispiel auch das Ph\u00e4nomen der &#8222;Elterntaxis&#8220; eind\u00e4mmen, also die regelm\u00e4\u00dfige Notwendigkeit, dass Eltern zum Teil quer durch die gesamte Stadt fahren m\u00fcssen, um kulturelle oder sportliche Angebote f\u00fcr ihre Kinder wahrnehmen zu k\u00f6nnen. Wer die Verkehrssituation in Oberhausen kennt, wei\u00df, mit wie viel Stress dies verbunden ist.<\/p>\n<p>Vor diesem Hintergrund setzen sich die SPD-Mitglieder im Oberhausener Westen unter anderem f\u00fcr die Errichtung einer modernen Multifunktionshalle an der Sportanlage Kuhle als Ersatz f\u00fcr die mittlerweile 90 Jahre alte und bauf\u00e4llige Turnhalle ein. Hier k\u00f6nnten dann in einem Aufwasch auch die f\u00fcr den Fortbestand des b\u00fcrgerschaftlichen und ehrenamtlichen Engagements im Stadtteil dringend ben\u00f6tigten Gemeinschaftsr\u00e4ume geschaffen werden.<\/p>\n<p>Die Schlie\u00dfung des Sportplatzes an der Solbadstra\u00dfe h\u00e4lt der Ortsverein West nach wie vor f\u00fcr eine falsche Entscheidung. Denn hier engagieren sich Menschen ehrenamtlich und leisten einen wertvollen Beitrag f\u00fcr eine offene und tolerante Kultur. Mag sein, dass die kalkulierten Sanierungskosten im Verh\u00e4ltnis zur derzeitigen Nutzung zu hoch erscheinen. Mit ein bisschen Mut und Kreativit\u00e4t h\u00e4tte sich sicher eine konstruktivere L\u00f6sung finden lassen. Welche konkrete Nachfolgenutzung auf dieser Fl\u00e4che stattfinden soll, wei\u00df bisher niemand. Gegen eine Verwilderung dieses Gel\u00e4ndes wird sich der Ortsverein jedenfalls mit Kr\u00e4ften wehren.<\/p>\n<p>Auch in Lirich fehlen ausreichende Begegnungsst\u00e4tten. Die Fl\u00e4chen am Kanal rund um die Rosenstra\u00dfe w\u00fcrden sich l\u00e4ngst f\u00fcr eine attraktive Gestaltung anbieten, damit Familien, Spazierg\u00e4nger und Radfahrer sich dort wohler f\u00fchlen k\u00f6nnen.<\/p>\n<p>Jeder Euro, der in die Infrastruktur der Stadtteile investiert wird, ist aus Sicht des SPD-Ortsvereins West auf lange Sicht eine lohnende Investition in eine lebenswerte Stadtteilkultur, die soziale Gerechtigkeit, Toleranz und Vielfalt m\u00f6glich macht.<\/p>\n","protected":false},"excerpt":{"rendered":"<p>F\u00fcr die SPD in Alstaden und Lirich steht die weitere Verbesserung der Lebensqualit\u00e4t in den beiden Stadtteilen ganz oben auf der kommunalpolitischen Tagesordnung. Auf ihrer Jahresklausur Mitte November in Goch&hellip; <\/p>\n","protected":false},"author":1,"featured_media":0,"comment_status":"closed","ping_status":"closed","sticky":false,"template":"","format":"standard","meta":{"footnotes":""},"categories":[167],"tags":[134,183,1775,1774,1773,1776],"quellen":[335],"class_list":["post-5917","post","type-post","status-publish","format-standard","hentry","category-stadtteile","tag-alstaden","tag-lirich","tag-rosenstrasse","tag-sportanlage-kuhle","tag-sportplatz-solbadstrasse","tag-stadtteilzentren","quellen-ov-west"],"_links":{"self":[{"href":"https:\/\/meier-gerdingh.de\/wp-spd-ob\/wp-json\/wp\/v2\/posts\/5917","targetHints":{"allow":["GET"]}}],"collection":[{"href":"https:\/\/meier-gerdingh.de\/wp-spd-ob\/wp-json\/wp\/v2\/posts"}],"about":[{"href":"https:\/\/meier-gerdingh.de\/wp-spd-ob\/wp-json\/wp\/v2\/types\/post"}],"author":[{"embeddable":true,"href":"https:\/\/meier-gerdingh.de\/wp-spd-ob\/wp-json\/wp\/v2\/users\/1"}],"replies":[{"embeddable":true,"href":"https:\/\/meier-gerdingh.de\/wp-spd-ob\/wp-json\/wp\/v2\/comments?post=5917"}],"version-history":[{"count":0,"href":"https:\/\/meier-gerdingh.de\/wp-spd-ob\/wp-json\/wp\/v2\/posts\/5917\/revisions"}],"wp:attachment":[{"href":"https:\/\/meier-gerdingh.de\/wp-spd-ob\/wp-json\/wp\/v2\/media?parent=5917"}],"wp:term":[{"taxonomy":"category","embeddable":true,"href":"https:\/\/meier-gerdingh.de\/wp-spd-ob\/wp-json\/wp\/v2\/categories?post=5917"},{"taxonomy":"post_tag","embeddable":true,"href":"https:\/\/meier-gerdingh.de\/wp-spd-ob\/wp-json\/wp\/v2\/tags?post=5917"},{"taxonomy":"quellen","embeddable":true,"href":"https:\/\/meier-gerdingh.de\/wp-spd-ob\/wp-json\/wp\/v2\/quellen?post=5917"}],"curies":[{"name":"wp","href":"https:\/\/api.w.org\/{rel}","templated":true}]}}