{"id":593,"date":"2007-08-15T16:00:00","date_gmt":"2007-08-15T14:00:00","guid":{"rendered":"http:\/\/www.meier-gerdingh.de\/spd-oberhausen\/wp\/?p=593"},"modified":"2017-05-14T15:10:53","modified_gmt":"2017-05-14T13:10:53","slug":"cdu-und-fdp-lehnen-mittagessen-fuer-alle-kinder-an-ganztagsschulen-ab","status":"publish","type":"post","link":"https:\/\/meier-gerdingh.de\/wp-spd-ob\/2007\/08\/15\/cdu-und-fdp-lehnen-mittagessen-fuer-alle-kinder-an-ganztagsschulen-ab\/","title":{"rendered":"CDU und FDP lehnen Mittagessen f\u00fcr alle Kinder an Ganztagsschulen ab"},"content":{"rendered":"<div style=\"width: 150px\" class=\"wp-caption alignleft\"><a href=\"http:\/\/meier-gerdingh.de\/wp-spd-ob\/wp-content\/uploads\/grosse_broemer_wolfgang.jpg\"><img decoding=\"async\" class=\"size-full\" src=\"http:\/\/meier-gerdingh.de\/wp-spd-ob\/wp-content\/uploads\/grosse_broemer_wolfgang.jpg\" alt=\"Wolfgang Gro\u00dfe Br\u00f6mer ist Vorsitzender der SPD-Ratsfraktion und Mitglied des Landtags NRW\" width=\"140\" height=\"191\" \/><\/a><p class=\"wp-caption-text\">Wolfgang Gro\u00dfe Br\u00f6mer ist Vorsitzender der SPD-Ratsfraktion und Mitglied des Landtags NRW<\/p><\/div>\n<p>&#8222;Es ist sehr bedauerlich, dass CDU und FDP in der heutigen Sitzung des Schulausschuss im Landtag es abgelehnt haben, allen Kinder in Ganztagsschulen eine warme Mahlzeit zu erm\u00f6glichen. Dies w\u00e4re auch f\u00fcr Oberhausener Kinder sehr wichtig gewesen&#8220;, so kommentiert der Landtagsabgeordnete Wolfgang Gro\u00dfe Br\u00f6mer die Ablehnung des Vorschlags, ein Recht auf eine warme Mahlzeit an Ganztagsschulen im Schulgesetz festzuschreiben.<!--more--><\/p>\n<p>inen handfesten Skandal nennt Gro\u00dfe Br\u00f6mer in diesem Zusammenhang die in den Medien ver\u00f6ffentlichten \u00c4u\u00dferungen des FDP-Abgeordneten Witzel. Witzel hatte die Finanzierung eines Mittagessens f\u00fcr Kinder mit den Worten abgelehnt: &#8222;Wer immer die neueste Satellitensch\u00fcssel auf dem Dach und viel Alkohol im Haus hat, dem m\u00fcssen wir nichts zus\u00e4tzlich finanzieren.&#8220; Gro\u00dfe Br\u00f6mer bezeichnete dies als diffamierend. &#8222;Statt Kindern zu helfen, pflegt Herr Witzel seine pauschalen Vorurteile&#8220;, so der Vorsitzende der SPD-Ratsfraktion weiter.<\/p>\n<p>Kritik \u00fcbt die SPD-Ratsfraktion am Fonds der Landesregierung zur Bezuschussung des Mittagessens. Der Fonds sei finanziell viel zu gering ausgestattet. Ein Euro pro Essen sei zu wenig und f\u00fchre zu einer weiteren Belastung der Kommunen, die ebenfalls einen Euro bezahlen sollen. &#8222;Herr R\u00fcttgers verk\u00fcndet Wohltaten und l\u00e4sst sie wieder von den Kommunen bezahlen&#8220;, so Stefan Zimkeit, der schulpolitische Sprecher der SPD-Ratsfraktion. V\u00f6llig offen sei zudem, ob die Bezirksregierung diese zus\u00e4tzlichen freiwilligen Ausgaben \u00fcberhaupt genehmigen w\u00fcrde.<\/p>\n<p>&#8222;Es w\u00e4re die beste L\u00f6sung f\u00fcr Kinder, Eltern und Stadt gewesen, dem Vorschlag nach einem Recht auf eine warme Mahlzeit an Ganztagsschulen zu folgen. Da CDU und FDP dies ablehnten, gilt es nun, andere Wege im Sinne der Kinder zu suchen&#8220;, so Wolfgang Gro\u00dfe Br\u00f6mer abschlie\u00dfend.<\/p>\n","protected":false},"excerpt":{"rendered":"<p>&#8222;Es ist sehr bedauerlich, dass CDU und FDP in der heutigen Sitzung des Schulausschuss im Landtag es abgelehnt haben, allen Kinder in Ganztagsschulen eine warme Mahlzeit zu erm\u00f6glichen. Dies w\u00e4re&hellip; <\/p>\n","protected":false},"author":1,"featured_media":0,"comment_status":"closed","ping_status":"closed","sticky":false,"template":"","format":"standard","meta":{"footnotes":""},"categories":[1],"tags":[],"quellen":[],"class_list":["post-593","post","type-post","status-publish","format-standard","hentry","category-allgemein"],"_links":{"self":[{"href":"https:\/\/meier-gerdingh.de\/wp-spd-ob\/wp-json\/wp\/v2\/posts\/593","targetHints":{"allow":["GET"]}}],"collection":[{"href":"https:\/\/meier-gerdingh.de\/wp-spd-ob\/wp-json\/wp\/v2\/posts"}],"about":[{"href":"https:\/\/meier-gerdingh.de\/wp-spd-ob\/wp-json\/wp\/v2\/types\/post"}],"author":[{"embeddable":true,"href":"https:\/\/meier-gerdingh.de\/wp-spd-ob\/wp-json\/wp\/v2\/users\/1"}],"replies":[{"embeddable":true,"href":"https:\/\/meier-gerdingh.de\/wp-spd-ob\/wp-json\/wp\/v2\/comments?post=593"}],"version-history":[{"count":0,"href":"https:\/\/meier-gerdingh.de\/wp-spd-ob\/wp-json\/wp\/v2\/posts\/593\/revisions"}],"wp:attachment":[{"href":"https:\/\/meier-gerdingh.de\/wp-spd-ob\/wp-json\/wp\/v2\/media?parent=593"}],"wp:term":[{"taxonomy":"category","embeddable":true,"href":"https:\/\/meier-gerdingh.de\/wp-spd-ob\/wp-json\/wp\/v2\/categories?post=593"},{"taxonomy":"post_tag","embeddable":true,"href":"https:\/\/meier-gerdingh.de\/wp-spd-ob\/wp-json\/wp\/v2\/tags?post=593"},{"taxonomy":"quellen","embeddable":true,"href":"https:\/\/meier-gerdingh.de\/wp-spd-ob\/wp-json\/wp\/v2\/quellen?post=593"}],"curies":[{"name":"wp","href":"https:\/\/api.w.org\/{rel}","templated":true}]}}