{"id":594,"date":"2007-08-21T16:00:00","date_gmt":"2007-08-21T14:00:00","guid":{"rendered":"http:\/\/www.meier-gerdingh.de\/spd-oberhausen\/wp\/?p=594"},"modified":"2017-05-14T15:10:46","modified_gmt":"2017-05-14T13:10:46","slug":"keine-trickserei-kommunal-und-bundestagswahlen-gehoeren-auf-einen-termin","status":"publish","type":"post","link":"https:\/\/meier-gerdingh.de\/wp-spd-ob\/2007\/08\/21\/keine-trickserei-kommunal-und-bundestagswahlen-gehoeren-auf-einen-termin\/","title":{"rendered":"Keine Trickserei &#8211; Kommunal- und Bundestagswahlen geh\u00f6ren auf einen Termin"},"content":{"rendered":"<div style=\"width: 210px\" class=\"wp-caption alignleft\"><a href=\"http:\/\/meier-gerdingh.de\/wp-spd-ob\/wp-content\/uploads\/landtag_nrw.jpg\"><img decoding=\"async\" class=\"size-full\" src=\"http:\/\/meier-gerdingh.de\/wp-spd-ob\/wp-content\/uploads\/landtag_nrw.jpg\" alt=\"Der Landtag von Nordrhein-Westfalen\" width=\"200\" height=\"160\" \/><\/a><p class=\"wp-caption-text\">Der Landtag von Nordrhein-Westfalen<\/p><\/div>\n<p>&#8222;Das Wahlrecht ist ein kostbares Gut. Es sollte das Ziel aller Parteien sein, eine m\u00f6glichst hohe Wahlbeteiligung zu erreichen. Daher geh\u00f6ren Kommunal- und Bundestagswahl im September 2009 auf einen gemeinsamen Termin&#8220;, erkl\u00e4ren die beiden Oberhausener Landtagsabgeordneten Michael Groschek und Wolfgang Gro\u00dfe Br\u00f6mer. Wenn CDU und FDP im Land hier tricksen wollten, weil sie mit besseren Ergebnissen bei einer schlechten Beteiligung rechnen, w\u00e4re das ein zutiefst undemokratischer Vorgang.<!--more--><\/p>\n<p>Wir fordern die Kommunalpolitiker auch der anderen demokratischen Parteien auf, sich in dieser Frage klar und deutlich zu positionieren. Die W\u00e4hlerinnen und W\u00e4hler in Oberhausen sollen wissen, ob sich die Parteien hier auf die wahltaktischen Tricksereien der schwarz-gelben Koalition in D\u00fcsseldorf einlassen, oder ob auch sie eine m\u00f6glichst hohe Wahlbeteiligung wollen, so Groschek w\u00f6rtlich. &#8222;Wir werden uns als SPD gemeinsam mit unserem Oberb\u00fcrgermeister Klaus Wehling mit Nachdruck f\u00fcr einen gemeinsamen Wahltermin einsetzen.&#8220;<\/p>\n<p>Die beiden Abgeordneten kritisieren massiv, dass CDU und FDP im Landtag rund 14 Millionen Wahlberechtigten in NRW zumuten wollen, zweimal in wenigen Wochen w\u00e4hlen zu gehen. Wolfgang Gro\u00dfe Br\u00f6mer: &#8222;Das ist auch eine Zumutung gegen\u00fcber den Tausenden von Ehrenamtlichen, die in den Wahllokalen f\u00fcr den reibungslosen Ablauf sorgen.&#8220; Insgesamt w\u00fcrde dieser schwarz-gelbe Wahnsinnsakt den Steuerzahler landesweit bis zu 42 Millionen Euro kosten.<\/p>\n<p>&#8222;Die Argumente lassen nur ein Ergebnis zu: Die NRW-Landesregierung muss den Termin f\u00fcr die Kommunalwahlen in 2009 auf den der Bundestagswahl legen. Alles andere ist undemokratisch, teuer und f\u00f6rdert die Politikverdrossenheit&#8220;, stellen Groschek und Gro\u00dfe Br\u00f6mer abschlie\u00dfend fest.<\/p>\n","protected":false},"excerpt":{"rendered":"<p>&#8222;Das Wahlrecht ist ein kostbares Gut. Es sollte das Ziel aller Parteien sein, eine m\u00f6glichst hohe Wahlbeteiligung zu erreichen. Daher geh\u00f6ren Kommunal- und Bundestagswahl im September 2009 auf einen gemeinsamen&hellip; <\/p>\n","protected":false},"author":1,"featured_media":0,"comment_status":"closed","ping_status":"closed","sticky":false,"template":"","format":"standard","meta":{"footnotes":""},"categories":[1],"tags":[],"quellen":[],"class_list":["post-594","post","type-post","status-publish","format-standard","hentry","category-allgemein"],"_links":{"self":[{"href":"https:\/\/meier-gerdingh.de\/wp-spd-ob\/wp-json\/wp\/v2\/posts\/594","targetHints":{"allow":["GET"]}}],"collection":[{"href":"https:\/\/meier-gerdingh.de\/wp-spd-ob\/wp-json\/wp\/v2\/posts"}],"about":[{"href":"https:\/\/meier-gerdingh.de\/wp-spd-ob\/wp-json\/wp\/v2\/types\/post"}],"author":[{"embeddable":true,"href":"https:\/\/meier-gerdingh.de\/wp-spd-ob\/wp-json\/wp\/v2\/users\/1"}],"replies":[{"embeddable":true,"href":"https:\/\/meier-gerdingh.de\/wp-spd-ob\/wp-json\/wp\/v2\/comments?post=594"}],"version-history":[{"count":0,"href":"https:\/\/meier-gerdingh.de\/wp-spd-ob\/wp-json\/wp\/v2\/posts\/594\/revisions"}],"wp:attachment":[{"href":"https:\/\/meier-gerdingh.de\/wp-spd-ob\/wp-json\/wp\/v2\/media?parent=594"}],"wp:term":[{"taxonomy":"category","embeddable":true,"href":"https:\/\/meier-gerdingh.de\/wp-spd-ob\/wp-json\/wp\/v2\/categories?post=594"},{"taxonomy":"post_tag","embeddable":true,"href":"https:\/\/meier-gerdingh.de\/wp-spd-ob\/wp-json\/wp\/v2\/tags?post=594"},{"taxonomy":"quellen","embeddable":true,"href":"https:\/\/meier-gerdingh.de\/wp-spd-ob\/wp-json\/wp\/v2\/quellen?post=594"}],"curies":[{"name":"wp","href":"https:\/\/api.w.org\/{rel}","templated":true}]}}