{"id":595,"date":"2007-08-24T16:00:00","date_gmt":"2007-08-24T14:00:00","guid":{"rendered":"http:\/\/www.meier-gerdingh.de\/spd-oberhausen\/wp\/?p=595"},"modified":"2017-05-14T15:10:32","modified_gmt":"2017-05-14T13:10:32","slug":"fuer-bildung-und-soziale-gerechtigkeit","status":"publish","type":"post","link":"https:\/\/meier-gerdingh.de\/wp-spd-ob\/2007\/08\/24\/fuer-bildung-und-soziale-gerechtigkeit\/","title":{"rendered":"F\u00fcr Bildung und soziale Gerechtigkeit"},"content":{"rendered":"<p>Eckpunkte einer umfassenden Bildungsreform und Wege zu mehr sozialer Gerechtigkeit waren die Schwerpunkte der Sitzung des Unterbezirksausschusses der Oberhausener SPD unter der Leitung des Vorsitzenden Karsten Bron. Anlass der Diskussion waren die anstehenden Parteitage der SPD auf Landes- und Bundesebene, zu denen sich die Oberhausener SPD inhaltlich positionierte.<!--more--><\/p>\n<p>Zun\u00e4chst berichtete Wolfgang Gro\u00dfe Br\u00f6mer (MdL) als Vorsitzender der Oberhausener SPD \u00fcber den aktuellen Stand der bildungspolitischen Diskussion in der NRWSPD. Er betonte die Forderung der SPD nach Chancengleichheit. &#8222;Der Bildungserfolg unserer Kinder darf nicht vom Geldbeutel der Eltern abh\u00e4ngen&#8220;, forderte Gro\u00dfe Br\u00f6mer und machte deutlich, dass es Ziel der Oberhausener SPD sei, Bildungsangebote vom Kindergarten bis zur Hochschule kostenfrei anzubieten. Scharf kritisierte er in diesem Zusammenhang die CDU-FDP-Landesregierung, die in Oberhausen die Erh\u00f6hung der Kindergartengeb\u00fchren um 20 % erzwingt.<\/p>\n<p>Kern einer verbesserten Bildungspolitik sei die bessere individuelle F\u00f6rderung aller Kinder. Neben einer besseren Finanzausstattung und einer verbesserten Ausbildung der Lehrkr\u00e4fte geh\u00f6re hierzu auch die Reform des Schulsystems. Das selektive Schulsystem sei den aktuellen Herausforderungen wie u.a. internationale Vergleiche zeigten nicht gewachsen. Deshalb forderte Gro\u00dfe Br\u00f6mer, dass Kinder zuk\u00fcnftig in einer Gemeinschaftsschule l\u00e4nger gemeinsam lernen sollen.<\/p>\n<p>Der Unterbezirksausschuss beschloss abschlie\u00dfend einstimmig ein Positionspapier der Oberhausener SPD mit Eckpunkten einer Bildungsreform f\u00fcr NRW (siehe Anlage 1).<\/p>\n<p>Wege zu mehr sozialer Gerechtigkeit standen anschlie\u00dfend im Mittelpunkt der Diskussion zum SPD-Grundsatzprogramm, das auf dem Bundesparteitag der SPD im Oktober in Hamburg beschlossen werden soll.<\/p>\n<p>Stefan Zimkeit berichtete in diesem Zusammenhang \u00fcber die Arbeit der Projektgruppe &#8222;Programmdiskussion&#8220; der Oberhausener SPD. Diese begr\u00fc\u00dfe grunds\u00e4tzlich den Entwurf zum neuen SPD-Grundsatzprogramm, insbesondere weil es die sozialdemokratischen Grundwerte Freiheit, Gerechtigkeit und Solidarit\u00e4t unterstreicht und soziale Gerechtigkeit als Kernziel sozialdemokratischer Politik benennt.<\/p>\n<p>In einem einm\u00fctig beschlossenen Thesenpapier (siehe Anlage 2) unterst\u00fctzt die SPD Forderungen nach der Ausweitung von Bildungsma\u00dfnahmen, nach einer aktiven Arbeitsmarktpolitik und nach mehr Verteilungsgerechtigkeit als Wege zu mehr sozialer Gerechtigkeit.<\/p>\n<p>Ge\u00e4u\u00dfert wurde aber auch Kritik an Teilen des vorliegenden Entwurfes. So fordert die Oberhausener SPD, die Rolle der Kommunalpolitik im Programm deutlicher zu betonen, das Thema Klimawandel in seiner ganzen Dramatik zu beschreiben und die Bedeutung des Mittelstandes f\u00fcr eine positive wirtschaftliche Entwicklung zu unterstreichen.<\/p>\n","protected":false},"excerpt":{"rendered":"<p>Eckpunkte einer umfassenden Bildungsreform und Wege zu mehr sozialer Gerechtigkeit waren die Schwerpunkte der Sitzung des Unterbezirksausschusses der Oberhausener SPD unter der Leitung des Vorsitzenden Karsten Bron. Anlass der Diskussion&hellip; <\/p>\n","protected":false},"author":1,"featured_media":0,"comment_status":"closed","ping_status":"closed","sticky":false,"template":"","format":"standard","meta":{"footnotes":""},"categories":[1],"tags":[],"quellen":[],"class_list":["post-595","post","type-post","status-publish","format-standard","hentry","category-allgemein"],"_links":{"self":[{"href":"https:\/\/meier-gerdingh.de\/wp-spd-ob\/wp-json\/wp\/v2\/posts\/595","targetHints":{"allow":["GET"]}}],"collection":[{"href":"https:\/\/meier-gerdingh.de\/wp-spd-ob\/wp-json\/wp\/v2\/posts"}],"about":[{"href":"https:\/\/meier-gerdingh.de\/wp-spd-ob\/wp-json\/wp\/v2\/types\/post"}],"author":[{"embeddable":true,"href":"https:\/\/meier-gerdingh.de\/wp-spd-ob\/wp-json\/wp\/v2\/users\/1"}],"replies":[{"embeddable":true,"href":"https:\/\/meier-gerdingh.de\/wp-spd-ob\/wp-json\/wp\/v2\/comments?post=595"}],"version-history":[{"count":0,"href":"https:\/\/meier-gerdingh.de\/wp-spd-ob\/wp-json\/wp\/v2\/posts\/595\/revisions"}],"wp:attachment":[{"href":"https:\/\/meier-gerdingh.de\/wp-spd-ob\/wp-json\/wp\/v2\/media?parent=595"}],"wp:term":[{"taxonomy":"category","embeddable":true,"href":"https:\/\/meier-gerdingh.de\/wp-spd-ob\/wp-json\/wp\/v2\/categories?post=595"},{"taxonomy":"post_tag","embeddable":true,"href":"https:\/\/meier-gerdingh.de\/wp-spd-ob\/wp-json\/wp\/v2\/tags?post=595"},{"taxonomy":"quellen","embeddable":true,"href":"https:\/\/meier-gerdingh.de\/wp-spd-ob\/wp-json\/wp\/v2\/quellen?post=595"}],"curies":[{"name":"wp","href":"https:\/\/api.w.org\/{rel}","templated":true}]}}