{"id":596,"date":"2007-08-30T16:00:00","date_gmt":"2007-08-30T14:00:00","guid":{"rendered":"http:\/\/www.meier-gerdingh.de\/spd-oberhausen\/wp\/?p=596"},"modified":"2017-05-14T15:09:57","modified_gmt":"2017-05-14T13:09:57","slug":"immer-mehr-cdu-kommunalpolitiker-sprechen-sich-gegen-die-trennung-von-kommunal-und-bundestagswahl-aus","status":"publish","type":"post","link":"https:\/\/meier-gerdingh.de\/wp-spd-ob\/2007\/08\/30\/immer-mehr-cdu-kommunalpolitiker-sprechen-sich-gegen-die-trennung-von-kommunal-und-bundestagswahl-aus\/","title":{"rendered":"Immer mehr CDU-Kommunalpolitiker sprechen sich gegen die Trennung von Kommunal- und Bundestagswahl aus"},"content":{"rendered":"<div style=\"width: 180px\" class=\"wp-caption alignleft\"><a href=\"http:\/\/meier-gerdingh.de\/wp-spd-ob\/wp-content\/uploads\/groschek_michael.jpg\"><img decoding=\"async\" class=\"size-full\" src=\"http:\/\/meier-gerdingh.de\/wp-spd-ob\/wp-content\/uploads\/groschek_michael.jpg\" alt=\"Michael Groschek ist Mitglied des Landtags von NRW und Generalsekret\u00e4r der NRWSPD\" width=\"170\" height=\"170\" \/><\/a><p class=\"wp-caption-text\">Michael Groschek ist Mitglied des Landtags von NRW und Generalsekret\u00e4r der NRWSPD<\/p><\/div>\n<p><i>Zu den Pl\u00e4nen von CDU und FDP, die Kommunal- und Bundestagswahl 2009 nicht am gleichen Tag stattfinden zu lassen, erkl\u00e4rt der Generalsekret\u00e4r der NRWSPD und Oberhausener Landtagsabgeordnete Michael Groschek:<\/i><\/p>\n<p>Immer mehr CDU-Kommunalpolitiker sprechen sich gegen die Trennung von Kommunal- und Bundestagswahl aus. Kaum ein Tag vergeht, an dem sich nicht weitere CDU-Kommunalpolitiker gegen die Pl\u00e4ne der CDU\/FDP-Landesregierung aussprechen, die Kommunal- und Bundestagswahl 2009 nicht am gleichen Tag stattfinden zu lassen.<!--more--><\/p>\n<p>J\u00fcngstes Beispiel: die CDU-Ratsfraktion in L\u00f6hne. Dort hat sich die CDU-Fraktion daf\u00fcr ausgesprochen, beide Wahlen gemeinsam stattfinden zu lassen. Gegen\u00fcber der Neuen Westf\u00e4lischen erkl\u00e4rte der Fraktionsvorsitzende K\u00f6lsch: &#8222;Alles andere w\u00e4re ung\u00fcnstig.&#8220; Allein schon aus organisatorischen Gr\u00fcnden sei es unklug, innerhalb von wenigen Wochen zwei Wahltermine anzusetzen. Auch der Wahlbeteiligung w\u00fcrde das Auseinanderziehen der Termine nicht gut tun, so K\u00f6lsch.<\/p>\n<p>Ministerpr\u00e4sident R\u00fcttgers und sein Generalsekret\u00e4r sollten endlich auf den Sachverstand der eigenen Basis h\u00f6ren und ihren unsinnigen, teuren und der Demokratie abtr\u00e4glichen Plan beerdigen.<\/p>\n","protected":false},"excerpt":{"rendered":"<p>Zu den Pl\u00e4nen von CDU und FDP, die Kommunal- und Bundestagswahl 2009 nicht am gleichen Tag stattfinden zu lassen, erkl\u00e4rt der Generalsekret\u00e4r der NRWSPD und Oberhausener Landtagsabgeordnete Michael Groschek: Immer&hellip; <\/p>\n","protected":false},"author":1,"featured_media":0,"comment_status":"closed","ping_status":"closed","sticky":false,"template":"","format":"standard","meta":{"footnotes":""},"categories":[1],"tags":[],"quellen":[],"class_list":["post-596","post","type-post","status-publish","format-standard","hentry","category-allgemein"],"_links":{"self":[{"href":"https:\/\/meier-gerdingh.de\/wp-spd-ob\/wp-json\/wp\/v2\/posts\/596","targetHints":{"allow":["GET"]}}],"collection":[{"href":"https:\/\/meier-gerdingh.de\/wp-spd-ob\/wp-json\/wp\/v2\/posts"}],"about":[{"href":"https:\/\/meier-gerdingh.de\/wp-spd-ob\/wp-json\/wp\/v2\/types\/post"}],"author":[{"embeddable":true,"href":"https:\/\/meier-gerdingh.de\/wp-spd-ob\/wp-json\/wp\/v2\/users\/1"}],"replies":[{"embeddable":true,"href":"https:\/\/meier-gerdingh.de\/wp-spd-ob\/wp-json\/wp\/v2\/comments?post=596"}],"version-history":[{"count":0,"href":"https:\/\/meier-gerdingh.de\/wp-spd-ob\/wp-json\/wp\/v2\/posts\/596\/revisions"}],"wp:attachment":[{"href":"https:\/\/meier-gerdingh.de\/wp-spd-ob\/wp-json\/wp\/v2\/media?parent=596"}],"wp:term":[{"taxonomy":"category","embeddable":true,"href":"https:\/\/meier-gerdingh.de\/wp-spd-ob\/wp-json\/wp\/v2\/categories?post=596"},{"taxonomy":"post_tag","embeddable":true,"href":"https:\/\/meier-gerdingh.de\/wp-spd-ob\/wp-json\/wp\/v2\/tags?post=596"},{"taxonomy":"quellen","embeddable":true,"href":"https:\/\/meier-gerdingh.de\/wp-spd-ob\/wp-json\/wp\/v2\/quellen?post=596"}],"curies":[{"name":"wp","href":"https:\/\/api.w.org\/{rel}","templated":true}]}}