{"id":598,"date":"2007-09-11T16:00:00","date_gmt":"2007-09-11T14:00:00","guid":{"rendered":"http:\/\/www.meier-gerdingh.de\/spd-oberhausen\/wp\/?p=598"},"modified":"2017-05-14T15:09:15","modified_gmt":"2017-05-14T13:09:15","slug":"wolfgang-grotthaus-als-stellvertretender-arbeits-und-sozialpolitischer-sprecher-einstimmig-wiedergewaehlt","status":"publish","type":"post","link":"https:\/\/meier-gerdingh.de\/wp-spd-ob\/2007\/09\/11\/wolfgang-grotthaus-als-stellvertretender-arbeits-und-sozialpolitischer-sprecher-einstimmig-wiedergewaehlt\/","title":{"rendered":"Wolfgang Grotthaus als stellvertretender arbeits- und sozialpolitischer Sprecher einstimmig wiedergew\u00e4hlt"},"content":{"rendered":"<div style=\"width: 150px\" class=\"wp-caption alignleft\"><a href=\"http:\/\/meier-gerdingh.de\/wp-spd-ob\/wp-content\/uploads\/grotthaus_05.jpg\"><img decoding=\"async\" class=\"size-full\" src=\"http:\/\/meier-gerdingh.de\/wp-spd-ob\/wp-content\/uploads\/grotthaus_05.jpg\" alt=\"Wolfgang Grotthaus ist Mitglied des Deutschen Bundestags f\u00fcr den Wahlkreis Oberhausen und stellvertretender Vorsitzender der Oberhausener SPD\" width=\"140\" height=\"176\" \/><\/a><p class=\"wp-caption-text\">Wolfgang Grotthaus ist Mitglied des Deutschen Bundestags f\u00fcr den Wahlkreis Oberhausen und stellvertretender Vorsitzender der Oberhausener SPD<\/p><\/div>\n<p>Heute wurde Wolfgang Grotthaus in seinem Amt als stellvertretender Sprecher der Arbeitsgruppe Arbeit und Soziales der SPD Bundestagsfraktion best\u00e4tigt. Grotthaus ist neben Andrea Nahles einer der beiden Stellvertreter von Klaus Brandner, der das Sprecheramt schon seit zwei Legislaturperioden inne hat. Grotthaus \u00fcbernahm die Aufgabe des stellvertretenden arbeits- und sozialpolitischen Sprechers f\u00fcr seine Fraktion mit Beginn der Gro\u00dfen Koalition.<!--more--><\/p>\n<p>In dieser Funktion hat er insbesondere die Themenbereiche &#8222;Reform der Berufsgenossenschaften und Gesetzlichen Unfallversicherungen&#8220;, &#8222;Flexible Renten\u00fcberg\u00e4nge schaffen &#8211; Alters- und Alternsgerechtes Arbeiten&#8220; sowie &#8222;Nationale Arbeitsschutzstrategie&#8220; betreut.<\/p>\n","protected":false},"excerpt":{"rendered":"<p>Heute wurde Wolfgang Grotthaus in seinem Amt als stellvertretender Sprecher der Arbeitsgruppe Arbeit und Soziales der SPD Bundestagsfraktion best\u00e4tigt. Grotthaus ist neben Andrea Nahles einer der beiden Stellvertreter von Klaus&hellip; <\/p>\n","protected":false},"author":1,"featured_media":0,"comment_status":"closed","ping_status":"closed","sticky":false,"template":"","format":"standard","meta":{"footnotes":""},"categories":[1],"tags":[],"quellen":[],"class_list":["post-598","post","type-post","status-publish","format-standard","hentry","category-allgemein"],"_links":{"self":[{"href":"https:\/\/meier-gerdingh.de\/wp-spd-ob\/wp-json\/wp\/v2\/posts\/598","targetHints":{"allow":["GET"]}}],"collection":[{"href":"https:\/\/meier-gerdingh.de\/wp-spd-ob\/wp-json\/wp\/v2\/posts"}],"about":[{"href":"https:\/\/meier-gerdingh.de\/wp-spd-ob\/wp-json\/wp\/v2\/types\/post"}],"author":[{"embeddable":true,"href":"https:\/\/meier-gerdingh.de\/wp-spd-ob\/wp-json\/wp\/v2\/users\/1"}],"replies":[{"embeddable":true,"href":"https:\/\/meier-gerdingh.de\/wp-spd-ob\/wp-json\/wp\/v2\/comments?post=598"}],"version-history":[{"count":0,"href":"https:\/\/meier-gerdingh.de\/wp-spd-ob\/wp-json\/wp\/v2\/posts\/598\/revisions"}],"wp:attachment":[{"href":"https:\/\/meier-gerdingh.de\/wp-spd-ob\/wp-json\/wp\/v2\/media?parent=598"}],"wp:term":[{"taxonomy":"category","embeddable":true,"href":"https:\/\/meier-gerdingh.de\/wp-spd-ob\/wp-json\/wp\/v2\/categories?post=598"},{"taxonomy":"post_tag","embeddable":true,"href":"https:\/\/meier-gerdingh.de\/wp-spd-ob\/wp-json\/wp\/v2\/tags?post=598"},{"taxonomy":"quellen","embeddable":true,"href":"https:\/\/meier-gerdingh.de\/wp-spd-ob\/wp-json\/wp\/v2\/quellen?post=598"}],"curies":[{"name":"wp","href":"https:\/\/api.w.org\/{rel}","templated":true}]}}