{"id":599,"date":"2007-09-17T16:00:00","date_gmt":"2007-09-17T14:00:00","guid":{"rendered":"http:\/\/www.meier-gerdingh.de\/spd-oberhausen\/wp\/?p=599"},"modified":"2017-05-14T15:09:06","modified_gmt":"2017-05-14T13:09:06","slug":"mike-groschek-diskutiert-ueber-die-aktuelle-landespolitik","status":"publish","type":"post","link":"https:\/\/meier-gerdingh.de\/wp-spd-ob\/2007\/09\/17\/mike-groschek-diskutiert-ueber-die-aktuelle-landespolitik\/","title":{"rendered":"Mike Groschek diskutiert \u00fcber die aktuelle Landespolitik"},"content":{"rendered":"<div style=\"width: 180px\" class=\"wp-caption alignleft\"><a href=\"http:\/\/meier-gerdingh.de\/wp-spd-ob\/wp-content\/uploads\/groschek_michael.jpg\"><img decoding=\"async\" class=\"size-full\" src=\"http:\/\/meier-gerdingh.de\/wp-spd-ob\/wp-content\/uploads\/groschek_michael.jpg\" alt=\"Michael Groschek ist Mitglied des Landtags von NRW und Generalsekret\u00e4r der NRWSPD\" width=\"170\" height=\"170\" \/><\/a><p class=\"wp-caption-text\">Michael Groschek ist Mitglied des Landtags von NRW und Generalsekret\u00e4r der NRWSPD<\/p><\/div>\n<p>Gut zwei Jahre nach der letzten Landtagswahl wird immer deutlicher: Die schwarz-gelbe Landesregierung unter J\u00fcrgen R\u00fcttgers betreibt Politik im Stil eines Abbruchunternehmens. Die Leidtragenden sind Arbeitnehmer und Familien, Sch\u00fcler und Kinder in unserem Land. Die Wut w\u00e4chst. \u00dcberall im Land formiert sich breiter Widerstand gegen diese Politik der sozialen K\u00e4lte. Im Rahmen einer \u00f6ffentlichen Versammlung des SPD-Ortsvereins Oberhausen-West am <b>Mittwoch, 19.09.2007, ab 19.00 Uhr<\/b>, in der Gastst\u00e4tte &#8222;Zur Schleuse&#8220;, Weilerstr.\u00a0135, wird der Oberhausener Landtagsabgeordnete Mike Groschek, Generalsekret\u00e4r der NRWSPD, \u00fcber die aktuelle politische Situation in Nordrhein-Westfalen informieren und diskutieren. Interessierte B\u00fcrgerinnen und B\u00fcrger sind herzlich eingeladen.<!--more--><\/p>\n<p>Mike Groschek wird insbesondere auf die folgenden aktuellen Themen eingehen:<\/p>\n<p>&#8211; Unter dem Motto &#8222;Privat vor Staat&#8220; verordnet die Landesregierung den St\u00e4dten und Gemeinden im Land ihre verfehlte Wirtschaftsideologie. Damit werden Stadtwerke und andere kommunale Unternehmen ruiniert.<\/p>\n<p>&#8211; Der Entwurf f\u00fcr ein neues Kindergartengesetz (KiBiz) ist eine Mogelpackung. Er f\u00fchrt zu einem Abbau der Qualit\u00e4t der fr\u00fchkindlichen Bildung, schr\u00e4nkt das Wahlrecht der Eltern ein und weist den Kommunen ein h\u00f6heres Planungsrisiko zu.<\/p>\n<p>&#8211; Mit der \u00c4nderung des Landespersonalvertretungsgesetzes werden grundlegende und bew\u00e4hrte Mitbestimmungsrechte der Arbeitnehmer per Federstrich abgeschafft.<\/p>\n<p>&#8211; Durch ihr starres Festhalten am dreigliedrigen Schulsystem ignoriert die Landesregierung s\u00e4mtliche Erkenntnisse aus den PISA-Studien und zementiert eine Schulstruktur, in der die soziale Herkunft f\u00fcr den Bildungserfolg wichtiger ist als individuelle Begabung und Talent.<\/p>\n<p><b>Datum:<\/b><br \/>\nMittwoch, 19. September 2007,<br \/>\nab 19.00 Uhr<\/p>\n<p><b>Ort:<\/b><br \/>\nGastst\u00e4tte &#8222;Zur Schleuse&#8220;,<br \/>\nWeilerstr. 135,<br \/>\n46049 Oberhausen<\/p>\n<p><b>Thema:<\/b><br \/>\nAktuelle Landespolitik<\/p>\n<p><b>Referent:<\/b><br \/>\nMike Groschek MdL, Generalsekret\u00e4r der NRWSPD<\/p>\n","protected":false},"excerpt":{"rendered":"<p>Gut zwei Jahre nach der letzten Landtagswahl wird immer deutlicher: Die schwarz-gelbe Landesregierung unter J\u00fcrgen R\u00fcttgers betreibt Politik im Stil eines Abbruchunternehmens. Die Leidtragenden sind Arbeitnehmer und Familien, Sch\u00fcler und&hellip; <\/p>\n","protected":false},"author":1,"featured_media":0,"comment_status":"closed","ping_status":"closed","sticky":false,"template":"","format":"standard","meta":{"footnotes":""},"categories":[1],"tags":[],"quellen":[],"class_list":["post-599","post","type-post","status-publish","format-standard","hentry","category-allgemein"],"_links":{"self":[{"href":"https:\/\/meier-gerdingh.de\/wp-spd-ob\/wp-json\/wp\/v2\/posts\/599","targetHints":{"allow":["GET"]}}],"collection":[{"href":"https:\/\/meier-gerdingh.de\/wp-spd-ob\/wp-json\/wp\/v2\/posts"}],"about":[{"href":"https:\/\/meier-gerdingh.de\/wp-spd-ob\/wp-json\/wp\/v2\/types\/post"}],"author":[{"embeddable":true,"href":"https:\/\/meier-gerdingh.de\/wp-spd-ob\/wp-json\/wp\/v2\/users\/1"}],"replies":[{"embeddable":true,"href":"https:\/\/meier-gerdingh.de\/wp-spd-ob\/wp-json\/wp\/v2\/comments?post=599"}],"version-history":[{"count":0,"href":"https:\/\/meier-gerdingh.de\/wp-spd-ob\/wp-json\/wp\/v2\/posts\/599\/revisions"}],"wp:attachment":[{"href":"https:\/\/meier-gerdingh.de\/wp-spd-ob\/wp-json\/wp\/v2\/media?parent=599"}],"wp:term":[{"taxonomy":"category","embeddable":true,"href":"https:\/\/meier-gerdingh.de\/wp-spd-ob\/wp-json\/wp\/v2\/categories?post=599"},{"taxonomy":"post_tag","embeddable":true,"href":"https:\/\/meier-gerdingh.de\/wp-spd-ob\/wp-json\/wp\/v2\/tags?post=599"},{"taxonomy":"quellen","embeddable":true,"href":"https:\/\/meier-gerdingh.de\/wp-spd-ob\/wp-json\/wp\/v2\/quellen?post=599"}],"curies":[{"name":"wp","href":"https:\/\/api.w.org\/{rel}","templated":true}]}}