{"id":5991,"date":"2018-12-04T11:10:10","date_gmt":"2018-12-04T10:10:10","guid":{"rendered":"https:\/\/meier-gerdingh.de\/wp-spd-ob\/?p=5991"},"modified":"2018-12-04T11:10:10","modified_gmt":"2018-12-04T10:10:10","slug":"mdl-stefan-zimkeit-legt-mandate-in-rat-und-bezirksvertretung-nieder","status":"publish","type":"post","link":"https:\/\/meier-gerdingh.de\/wp-spd-ob\/2018\/12\/04\/mdl-stefan-zimkeit-legt-mandate-in-rat-und-bezirksvertretung-nieder\/","title":{"rendered":"MdL Stefan Zimkeit legt Mandate in Rat und Bezirksvertretung nieder"},"content":{"rendered":"<div id=\"attachment_4242\" style=\"width: 150px\" class=\"wp-caption alignleft\"><a href=\"https:\/\/meier-gerdingh.de\/wp-spd-ob\/wp-content\/uploads\/2017\/05\/zimkeit_stefan_17.jpg\"><img aria-describedby=\"caption-attachment-4242\" decoding=\"async\" class=\"size-full wp-image-4242\" src=\"https:\/\/meier-gerdingh.de\/wp-spd-ob\/wp-content\/uploads\/2017\/05\/zimkeit_stefan_17.jpg\" alt=\"\" width=\"140\" height=\"192\" \/><\/a><p id=\"caption-attachment-4242\" class=\"wp-caption-text\">Stefan Zimkeit ist Landtagsabgeordneter f\u00fcr Oberhausen-Sterkrade und Dinslaken sowie haushalts- und finanzpolitischer Sprecher der SPD-Landtagsfraktion<\/p><\/div>\n<p>Stefan Zimkeit legt seine Mandate im Stadtrat und in der Bezirksvertretung Osterfeld nieder. &#8222;Ich kann leider aus terminlichen Gr\u00fcnden die Ratst\u00e4tigkeit nicht mehr so wahrnehmen, wie es aus meiner Sicht notwendig w\u00e4re&#8220;, begr\u00fcndet der Landtagsabgeordnete mit seinen Verpflichtungen in D\u00fcsseldorf die Entscheidung. Die sei ihm nicht leicht gefallen und sei \u00fcber eine lange Zeit gereift.<\/p>\n<p>&#8222;Insbesondere die Mitarbeit im Vorstand der SPD-Landtagsfraktion \u00fcberschneidet sich h\u00e4ufig mit wichtigen Sitzungen in Oberhausen, und das kann ich auf Dauer nicht weiter verantworten. Denn um wirklich verantwortungsvoll f\u00fcr die Stadt entscheiden zu k\u00f6nnen, muss man mit allen Details vertraut sein&#8220;, sagt Stefan Zimkeit.<!--more--><\/p>\n<p>Zudem sei der Zeitaufwand als haushalts- und finanzpolitischer Sprecher seiner Fraktion in der Opposition viel h\u00f6her als noch zu Zeiten der rot-gr\u00fcnen Regierung. Damals konnte Zimkeit auf seinen &#8222;kurzen Draht&#8220; zum Finanzministerium und Minister Norbert Walter-Borjans setzen.<\/p>\n<p>&#8222;Heute geht es immer \u00f6fter darum, das Schlimmste zu verhindern. Denn die CDU-FDP-Landespolitik richtet sich gegen das Ruhrgebiet, viele Entscheidungen gehen zu Lasten der finanzschwachen St\u00e4dte&#8220;, beklagt Stefan Zimkeit. Konstruktive Oppositionsarbeit mit dem Aufzeigen politischer Alternativen bedeute unter diesen Voraussetzungen sehr viel Arbeit, dies werde gerade w\u00e4hrend der laufenden Haushaltsberatungen wieder deutlich.<\/p>\n<p>&#8222;In der SPD-Fraktion in der Bezirksvertretung Osterfeld wird nun der schon zu Beginn der Wahlperiode geplante Wechsel in der Sprecherfunktion stattfinden&#8220;, so Zimkeit. &#8222;Die Aufgabe wird Silke Jacobs \u00fcbernehmen, die in den letzten Monaten diese Position schon h\u00e4ufig vertretungsweise wahrgenommen hat.&#8220;<\/p>\n<p>Stefan Zimkeit betont, dass er sich auch in Zukunft in die Kommunalpolitik einmischen werde. &#8222;Als direkt gew\u00e4hlter Landtagsabgeordneter werde ich der SPD-Ratsfraktion als beratendes Mitglied angeh\u00f6ren. Diese Anbindung an kommunalpolitische Diskussionen ist f\u00fcr mich sehr wichtig. Sie ist eine gute Voraussetzung, um mich in D\u00fcsseldorf weiterhin f\u00fcr die Interessen der Menschen in unserer Stadt einzusetzen&#8220;, so Zimkeit.<\/p>\n<p>Ihm geht es vor allem darum, dass Oberhausen finanziell handlungsf\u00e4hig bleibt und seine Spielr\u00e4ume so nutzt, dass gezielt in die Zukunft der Stadt investiert wird, insbesondere in Bildung und soziale Gerechtigkeit.<\/p>\n","protected":false},"excerpt":{"rendered":"<p>Stefan Zimkeit legt seine Mandate im Stadtrat und in der Bezirksvertretung Osterfeld nieder. &#8222;Ich kann leider aus terminlichen Gr\u00fcnden die Ratst\u00e4tigkeit nicht mehr so wahrnehmen, wie es aus meiner Sicht&hellip; <\/p>\n","protected":false},"author":1,"featured_media":0,"comment_status":"closed","ping_status":"closed","sticky":false,"template":"","format":"standard","meta":{"footnotes":""},"categories":[216],"tags":[185,1648,961,1778],"quellen":[331],"class_list":["post-5991","post","type-post","status-publish","format-standard","hentry","category-land","tag-bezirksvertretung-osterfeld","tag-rat-der-stadt","tag-spd-landtagsfraktion","tag-spd-ratsfraktion","quellen-mdl-stefan-zimkeit"],"_links":{"self":[{"href":"https:\/\/meier-gerdingh.de\/wp-spd-ob\/wp-json\/wp\/v2\/posts\/5991","targetHints":{"allow":["GET"]}}],"collection":[{"href":"https:\/\/meier-gerdingh.de\/wp-spd-ob\/wp-json\/wp\/v2\/posts"}],"about":[{"href":"https:\/\/meier-gerdingh.de\/wp-spd-ob\/wp-json\/wp\/v2\/types\/post"}],"author":[{"embeddable":true,"href":"https:\/\/meier-gerdingh.de\/wp-spd-ob\/wp-json\/wp\/v2\/users\/1"}],"replies":[{"embeddable":true,"href":"https:\/\/meier-gerdingh.de\/wp-spd-ob\/wp-json\/wp\/v2\/comments?post=5991"}],"version-history":[{"count":0,"href":"https:\/\/meier-gerdingh.de\/wp-spd-ob\/wp-json\/wp\/v2\/posts\/5991\/revisions"}],"wp:attachment":[{"href":"https:\/\/meier-gerdingh.de\/wp-spd-ob\/wp-json\/wp\/v2\/media?parent=5991"}],"wp:term":[{"taxonomy":"category","embeddable":true,"href":"https:\/\/meier-gerdingh.de\/wp-spd-ob\/wp-json\/wp\/v2\/categories?post=5991"},{"taxonomy":"post_tag","embeddable":true,"href":"https:\/\/meier-gerdingh.de\/wp-spd-ob\/wp-json\/wp\/v2\/tags?post=5991"},{"taxonomy":"quellen","embeddable":true,"href":"https:\/\/meier-gerdingh.de\/wp-spd-ob\/wp-json\/wp\/v2\/quellen?post=5991"}],"curies":[{"name":"wp","href":"https:\/\/api.w.org\/{rel}","templated":true}]}}