{"id":5997,"date":"2018-12-06T17:19:17","date_gmt":"2018-12-06T16:19:17","guid":{"rendered":"https:\/\/meier-gerdingh.de\/wp-spd-ob\/?p=5997"},"modified":"2018-12-06T17:19:17","modified_gmt":"2018-12-06T16:19:17","slug":"spd-ratsfraktion-sieht-meilenstein-im-kampf-gegen-die-langzeitarbeitslosigkeit","status":"publish","type":"post","link":"https:\/\/meier-gerdingh.de\/wp-spd-ob\/2018\/12\/06\/spd-ratsfraktion-sieht-meilenstein-im-kampf-gegen-die-langzeitarbeitslosigkeit\/","title":{"rendered":"SPD-Ratsfraktion sieht Meilenstein im Kampf gegen die Langzeitarbeitslosigkeit"},"content":{"rendered":"<div id=\"attachment_1654\" style=\"width: 150px\" class=\"wp-caption alignleft\"><a href=\"https:\/\/meier-gerdingh.de\/wp-spd-ob\/wp-content\/uploads\/telli_ercan_09.jpg\"><img aria-describedby=\"caption-attachment-1654\" decoding=\"async\" class=\"size-full wp-image-1654\" src=\"https:\/\/meier-gerdingh.de\/wp-spd-ob\/wp-content\/uploads\/telli_ercan_09.jpg\" alt=\"\" width=\"140\" height=\"169\" \/><\/a><p id=\"caption-attachment-1654\" class=\"wp-caption-text\">Ercan Telli ist sozialpolitischer Sprecher der SPD-Fraktion<\/p><\/div>\n<p>Bei seinem Besuch in der SPD-Ratsfraktion hat Uwe Weinand, Gesch\u00e4ftsf\u00fchrer des Jobcenters Oberhausen, eindringlich f\u00fcr die M\u00f6glichkeiten geworben, die das neue Teilhabechancen-Gesetz ab dem neuen Jahr bei der Bek\u00e4mpfung der Langzeitarbeitslosigkeit bietet. Ziel des Gesetzes ist es, langzeitarbeitslosen Menschen wieder eine Perspektive auf dem Arbeitsmarkt zu er\u00f6ffnen durch die Schaffung von sozialversicherungspflichtigen, tariflich bezahlten Arbeitspl\u00e4tzen.<\/p>\n<p>Da diese F\u00f6rderung nun nicht nur auf einem zeitlich begrenzten Programm fu\u00dft, sondern ab dem 1. Januar geltende Gesetzeslage ist, sieht Weinand hier eine gro\u00dfe Chance. Die Vorbereitungen f\u00fcr das Teilhabechancen-Gesetz, wie etwa die Auswahl geeigneter Personen aus dem Betreuungskreis des Jobcenters, liefen bereits, erkl\u00e4rte der Gesch\u00e4ftsf\u00fchrer den SPD-Ratspolitikern.<!--more--><\/p>\n<p>Ercan Telli, der sozialpolitische Sprecher der SPD-Ratsfraktion, zeigt sich hocherfreut: &#8222;Das neue Instrumentarium schafft f\u00fcr Langzeitarbeitslose erstmalig wirksame M\u00f6glichkeiten zur sozialen Teilhabe und langfristige Chancen, auf dem Arbeitsmarkt wieder Fu\u00df zu fassen.&#8220;<\/p>\n<p>Die sozialdemokratische Ratsfraktion sieht jetzt die Notwendigkeit, m\u00f6glichst viele potenzielle Arbeitgeber von den neuen F\u00f6rderm\u00f6glichkeiten zu \u00fcberzeugen \u2013 zumal es der SPD in Berlin gelungen ist, den noch im Herbst vorliegenden Gesetzentwurf deutlich zu verbessern.<\/p>\n<p>Ganz im Sinne der Ende September im Rat verabschiedeten Resolution wird nun der Tarif- statt des urspr\u00fcnglich geplanten Mindestlohns bezahlt. Dadurch entfallen erhebliche zus\u00e4tzliche Ausgleichszahlungen f\u00fcr tarifgebundene Arbeitgeber.<\/p>\n<p>Au\u00dferdem wurden die Anspruchsvoraussetzungen gelockert, so dass mehr betroffene Menschen f\u00fcr eine solche F\u00f6rderung in Frage kommen. Au\u00dferdem werden voll sozialversicherungspflichtige Arbeitspl\u00e4tze gef\u00f6rdert.<\/p>\n","protected":false},"excerpt":{"rendered":"<p>Bei seinem Besuch in der SPD-Ratsfraktion hat Uwe Weinand, Gesch\u00e4ftsf\u00fchrer des Jobcenters Oberhausen, eindringlich f\u00fcr die M\u00f6glichkeiten geworben, die das neue Teilhabechancen-Gesetz ab dem neuen Jahr bei der Bek\u00e4mpfung der&hellip; <\/p>\n","protected":false},"author":1,"featured_media":0,"comment_status":"closed","ping_status":"closed","sticky":false,"template":"","format":"standard","meta":{"footnotes":""},"categories":[174],"tags":[18,549,1632,742,1647,740,1782,1708,1781],"quellen":[326],"class_list":["post-5997","post","type-post","status-publish","format-standard","hentry","category-arbeit-und-soziales","tag-arbeitsmarkt","tag-arbeitsmarktpolitik","tag-jobcenter","tag-langzeitarbeitslose","tag-langzeitarbeitslosgkeit","tag-sozialer-arbeitsmarkt","tag-sozialversicherungspflichtige-beschaeftigung","tag-tarifloehne","tag-teilhabechancen-gesetz","quellen-spd-fraktion-oberhausen"],"_links":{"self":[{"href":"https:\/\/meier-gerdingh.de\/wp-spd-ob\/wp-json\/wp\/v2\/posts\/5997","targetHints":{"allow":["GET"]}}],"collection":[{"href":"https:\/\/meier-gerdingh.de\/wp-spd-ob\/wp-json\/wp\/v2\/posts"}],"about":[{"href":"https:\/\/meier-gerdingh.de\/wp-spd-ob\/wp-json\/wp\/v2\/types\/post"}],"author":[{"embeddable":true,"href":"https:\/\/meier-gerdingh.de\/wp-spd-ob\/wp-json\/wp\/v2\/users\/1"}],"replies":[{"embeddable":true,"href":"https:\/\/meier-gerdingh.de\/wp-spd-ob\/wp-json\/wp\/v2\/comments?post=5997"}],"version-history":[{"count":0,"href":"https:\/\/meier-gerdingh.de\/wp-spd-ob\/wp-json\/wp\/v2\/posts\/5997\/revisions"}],"wp:attachment":[{"href":"https:\/\/meier-gerdingh.de\/wp-spd-ob\/wp-json\/wp\/v2\/media?parent=5997"}],"wp:term":[{"taxonomy":"category","embeddable":true,"href":"https:\/\/meier-gerdingh.de\/wp-spd-ob\/wp-json\/wp\/v2\/categories?post=5997"},{"taxonomy":"post_tag","embeddable":true,"href":"https:\/\/meier-gerdingh.de\/wp-spd-ob\/wp-json\/wp\/v2\/tags?post=5997"},{"taxonomy":"quellen","embeddable":true,"href":"https:\/\/meier-gerdingh.de\/wp-spd-ob\/wp-json\/wp\/v2\/quellen?post=5997"}],"curies":[{"name":"wp","href":"https:\/\/api.w.org\/{rel}","templated":true}]}}