{"id":5998,"date":"2018-12-06T17:21:21","date_gmt":"2018-12-06T16:21:21","guid":{"rendered":"https:\/\/meier-gerdingh.de\/wp-spd-ob\/?p=5998"},"modified":"2018-12-06T17:21:21","modified_gmt":"2018-12-06T16:21:21","slug":"schwarz-gelb-benachteiligt-oberhausen-bei-den-finanzentscheidungen","status":"publish","type":"post","link":"https:\/\/meier-gerdingh.de\/wp-spd-ob\/2018\/12\/06\/schwarz-gelb-benachteiligt-oberhausen-bei-den-finanzentscheidungen\/","title":{"rendered":"Schwarz-Gelb benachteiligt Oberhausen bei den Finanzentscheidungen"},"content":{"rendered":"<div id=\"attachment_1707\" style=\"width: 150px\" class=\"wp-caption alignleft\"><a href=\"https:\/\/meier-gerdingh.de\/wp-spd-ob\/wp-content\/uploads\/zimkeit_stefan_12.jpg\"><img aria-describedby=\"caption-attachment-1707\" decoding=\"async\" class=\"size-full wp-image-1707\" src=\"https:\/\/meier-gerdingh.de\/wp-spd-ob\/wp-content\/uploads\/zimkeit_stefan_12.jpg\" alt=\"\" width=\"140\" height=\"169\" \/><\/a><p id=\"caption-attachment-1707\" class=\"wp-caption-text\">Stefan Zimkeit ist Mitglied des Landtags von Nordrhein-Westfalen und finanzpolitischer Sprecher der SPD-Landtagsfraktion<\/p><\/div>\n<p>&#8222;Die CDU-FDP-Koalition hat das Rettungspaket f\u00fcr die offenen Ganztagsgrundschulen abgelehnt&#8220;, berichtet Stefan Zimkeit aus dem Haushaltsausschuss des Landtages. Die Oberhausener Wohlfahrtsverb\u00e4nde hatten in einer gemeinsamen Petition solch ein Rettungspaket gefordert. &#8222;Das war f\u00fcr mich Anlass, dieses Anliegen in die Landtagsberatung einzubringen, zumal nicht nur in Oberhausen solche Forderungen laut wurden&#8220;, sagt Zimkeit. &#8222;In den letzten ein, zwei Jahren sind die Ganztagsangebote an den Schulen an ihre Grenzen gesto\u00dfen, und die Qualit\u00e4t bleibt auf der Strecke. Es darf nicht sein, dass die Landesregierung die St\u00e4dte und die Wohlfahrtsverb\u00e4nde mit diesem Problem allein l\u00e4sst.&#8220;<!--more--><\/p>\n<p>Auch f\u00fcr das Lehrerseminar in Oberhausen w\u00e4ren Fahrten zu Gedenkst\u00e4tten der nationalsozialistischen Gewaltherrschaft als Teil der Ausbildung wichtig, begr\u00fcndete Zimkeit den SPD-Vorsto\u00df, Lehramtsanw\u00e4rtern Fahrten beispielsweise nach Ausschwitz zu finanzieren. &#8222;Ich bedauere es sehr, dass CDU, FDP und AfD dies abgelehnt haben.&#8220;<\/p>\n<p>Die ablehnende Haltung der schwarz-gelben Koalition im Landeshaushaltsausschuss betraf eine ganze Reihe von Finanzierungsvorschl\u00e4gen, die Kinder, Jugend und Bildung betreffen. &#8222;Es wird kein zus\u00e4tzliches Geld f\u00fcr Investitionen in Kinderg\u00e4rten geben, obwohl es einen gro\u00dfen Bedarf nach zus\u00e4tzlichen Kita-Pl\u00e4tzen gerade auch in unserer Stadt gibt&#8220;, beklagt Oberhausens Landtagsabgeordneter.<\/p>\n<p>Entt\u00e4uscht zeigt sich Stefan Zimkeit vom drohenden Auslaufen der &#8222;Berufseinstiegsbegleitung&#8220;, die unter anderem von der Oberhausener AWO angeboten wird und von der insbesondere leistungsschw\u00e4chere Sch\u00fclerinnen und Sch\u00fcler profitieren. &#8222;Mein Antrag, dass das Land dieses Programm finanziert, fand leider keine Mehrheit.&#8220;<\/p>\n<p>Aus Sicht der SPD w\u00e4re eine finanzielle Absicherung der &#8222;Internationalen Gartenbauausstellung Ruhr 2027&#8220; als wichtiges Zukunftsprojekt wichtig, an dem auch Oberhausen teilnehmen m\u00f6chte. &#8222;Die Landtagsmehrheit zeigte sich nicht bereit, dieser Ma\u00dfnahme zur F\u00f6rderung des Strukturwandels im Ruhrgebiet zuzustimmen.&#8220;<\/p>\n<p>Stefan Zimkeit stellt fest, dass CDU und FDP mit ihrer Finanzpolitik insbesondere die finanzschw\u00e4chere in St\u00e4dte im Ruhrgebiet benachteiligen. &#8222;Das gilt f\u00fcr die Finanzierung von Bildungsangeboten genauso wie f\u00fcr die Stadtfinanzen insgesamt. Dass Oberhausen bei der Kommunalfinanzierung ab 2019 wegen der ungerechten \u00c4nderungen 10 Millionen Euro weniger als geplant erh\u00e4lt, war ebenfalls Thema im Haushaltsausschuss. Mein Anliegen, hier wenigstens einen gewissen Ausgleich zu schaffen, um Einschnitte oder Steuererh\u00f6hungen zu verhindern, blieb ohne Resonanz&#8220;, berichtet der SPD-Finanzexperte.<\/p>\n","protected":false},"excerpt":{"rendered":"<p>&#8222;Die CDU-FDP-Koalition hat das Rettungspaket f\u00fcr die offenen Ganztagsgrundschulen abgelehnt&#8220;, berichtet Stefan Zimkeit aus dem Haushaltsausschuss des Landtages. Die Oberhausener Wohlfahrtsverb\u00e4nde hatten in einer gemeinsamen Petition solch ein Rettungspaket gefordert.&hellip; <\/p>\n","protected":false},"author":1,"featured_media":0,"comment_status":"closed","ping_status":"closed","sticky":false,"template":"","format":"standard","meta":{"footnotes":""},"categories":[98,216],"tags":[848,1786,1588,1783,228,14,565,1759,1785,1509,1306,1555,50,1784],"quellen":[331],"class_list":["post-5998","post","type-post","status-publish","format-standard","hentry","category-finanzen","category-land","tag-awo-oberhausen","tag-berufseinstiegsbegleitung","tag-haushaltsausschuss","tag-internationale-gartenbauausstelung-2027","tag-kita-plaetze","tag-kommunalfinanzen","tag-landeshaushalt","tag-landeshaushalt-2019","tag-lehrerseminar","tag-offener-ganztag-ogs","tag-ruhrgebiet","tag-ruhrgebietsstaedte","tag-strukturwandel","tag-wohlfahrtsverbaende","quellen-mdl-stefan-zimkeit"],"_links":{"self":[{"href":"https:\/\/meier-gerdingh.de\/wp-spd-ob\/wp-json\/wp\/v2\/posts\/5998","targetHints":{"allow":["GET"]}}],"collection":[{"href":"https:\/\/meier-gerdingh.de\/wp-spd-ob\/wp-json\/wp\/v2\/posts"}],"about":[{"href":"https:\/\/meier-gerdingh.de\/wp-spd-ob\/wp-json\/wp\/v2\/types\/post"}],"author":[{"embeddable":true,"href":"https:\/\/meier-gerdingh.de\/wp-spd-ob\/wp-json\/wp\/v2\/users\/1"}],"replies":[{"embeddable":true,"href":"https:\/\/meier-gerdingh.de\/wp-spd-ob\/wp-json\/wp\/v2\/comments?post=5998"}],"version-history":[{"count":0,"href":"https:\/\/meier-gerdingh.de\/wp-spd-ob\/wp-json\/wp\/v2\/posts\/5998\/revisions"}],"wp:attachment":[{"href":"https:\/\/meier-gerdingh.de\/wp-spd-ob\/wp-json\/wp\/v2\/media?parent=5998"}],"wp:term":[{"taxonomy":"category","embeddable":true,"href":"https:\/\/meier-gerdingh.de\/wp-spd-ob\/wp-json\/wp\/v2\/categories?post=5998"},{"taxonomy":"post_tag","embeddable":true,"href":"https:\/\/meier-gerdingh.de\/wp-spd-ob\/wp-json\/wp\/v2\/tags?post=5998"},{"taxonomy":"quellen","embeddable":true,"href":"https:\/\/meier-gerdingh.de\/wp-spd-ob\/wp-json\/wp\/v2\/quellen?post=5998"}],"curies":[{"name":"wp","href":"https:\/\/api.w.org\/{rel}","templated":true}]}}