{"id":60,"date":"2002-01-16T17:00:00","date_gmt":"2002-01-16T15:00:00","guid":{"rendered":"http:\/\/www.meier-gerdingh.de\/spd-oberhausen\/wp\/?p=60"},"modified":"2017-05-12T09:32:03","modified_gmt":"2017-05-12T07:32:03","slug":"zug-fuer-oberhausen-noch-lange-nicht-abgefahren","status":"publish","type":"post","link":"https:\/\/meier-gerdingh.de\/wp-spd-ob\/2002\/01\/16\/zug-fuer-oberhausen-noch-lange-nicht-abgefahren\/","title":{"rendered":"Zug f\u00fcr Oberhausen noch lange nicht abgefahren"},"content":{"rendered":"<div style=\"width: 170px\" class=\"wp-caption alignleft\"><a href=\"http:\/\/meier-gerdingh.de\/wp-spd-ob\/wp-content\/uploads\/schule21.jpg\"><img decoding=\"async\" class=\"size-full\" src=\"http:\/\/meier-gerdingh.de\/wp-spd-ob\/wp-content\/uploads\/schule21.jpg\" alt=\"Schule 21\" width=\"160\" height=\"108\" \/><\/a><p class=\"wp-caption-text\">Schule 21<\/p><\/div>\n<p>&#8222;Das Modellprojekt selbstst\u00e4ndige Schule bleibt in Oberhausen auf der politischen Tagesordnung. Bei aller Entt\u00e4uschung \u00fcber die Entscheidung der Landesregierung werden wir alle Hebel in Bewegung setzen, damit insbesondere diejenigen Oberhausener Schulen, die bereits in der ersten Runde an diesem wichtigen Reformprojekt teilnehmen wollten, bei der angek\u00fcndigten zweiten Runde im n\u00e4chsten Jahr zum Zuge kommen.&#8220;<!--more--><\/p>\n<p>Das erkl\u00e4rt der SPD-Fraktionsvorsitzende und Landtagsabgeordnete Wolfgang Gro\u00dfe Br\u00f6mer anl\u00e4sslich der Bekanntgabe der Modellregionen f\u00fcr die erste Phase des Modellprojektes &#8222;Selbstst\u00e4ndige Schule&#8220;.<\/p>\n<p>Gro\u00dfe Br\u00f6mer erinnert daran, dass neben Oberhausen noch 25 weitere St\u00e4dte sowie drei Kreise bei der Auswahl der Schulen f\u00fcr die Startphase des Modellversuchs nicht ber\u00fccksichtigt werden konnten. Diese Schulen werden aber keineswegs vom Projekt ausgeschlossen. Sie erhalten das Angebot, als sog. Korrespondenzschulen aktiv mitzuarbeiten. Das bedeutet zum Beispiel, dass sie bevorzugt in alle Informationsfl\u00fcsse und in die Qualifizierungsma\u00dfnahmen des Projekts einbezogen werden.<\/p>\n<p>Dar\u00fcber hinaus hat das Land \u00f6ffentlich angek\u00fcndigt, nach einer Konsolidierung des Modellvorhabens in ca. einem Jahr weiteren Schultr\u00e4gern ein Angebot zur Teilnahme machen zu wollen. &#8222;Ich bin sehr zuversichtlich, dass Oberhausen weiterhin die Chance hat, dann auch offizielle Projektstadt zu werden&#8220;, so Wolfgang Gro\u00dfe Br\u00f6mer weiter.<\/p>\n<p>In jedem Fall w\u00e4re es aber hilfreich, wenn noch mehr Oberhausener Schulen ihre Bereitschaft zur Teilnahme an diesem f\u00fcr die Weiterentwicklung unserer Schullandschaft zentralen Reformvorhaben erkl\u00e4ren w\u00fcrden, da sich gezeigt habe, dass die Anzahl der Schulen und die Ausgewogenheit der Schulformen wesentliche Kriterien bei der Auswahl der Modellregionen gewesen sind.<\/p>\n","protected":false},"excerpt":{"rendered":"<p>&#8222;Das Modellprojekt selbstst\u00e4ndige Schule bleibt in Oberhausen auf der politischen Tagesordnung. Bei aller Entt\u00e4uschung \u00fcber die Entscheidung der Landesregierung werden wir alle Hebel in Bewegung setzen, damit insbesondere diejenigen Oberhausener&hellip; <\/p>\n","protected":false},"author":1,"featured_media":0,"comment_status":"closed","ping_status":"closed","sticky":false,"template":"","format":"standard","meta":{"footnotes":""},"categories":[1],"tags":[],"quellen":[],"class_list":["post-60","post","type-post","status-publish","format-standard","hentry","category-allgemein"],"_links":{"self":[{"href":"https:\/\/meier-gerdingh.de\/wp-spd-ob\/wp-json\/wp\/v2\/posts\/60","targetHints":{"allow":["GET"]}}],"collection":[{"href":"https:\/\/meier-gerdingh.de\/wp-spd-ob\/wp-json\/wp\/v2\/posts"}],"about":[{"href":"https:\/\/meier-gerdingh.de\/wp-spd-ob\/wp-json\/wp\/v2\/types\/post"}],"author":[{"embeddable":true,"href":"https:\/\/meier-gerdingh.de\/wp-spd-ob\/wp-json\/wp\/v2\/users\/1"}],"replies":[{"embeddable":true,"href":"https:\/\/meier-gerdingh.de\/wp-spd-ob\/wp-json\/wp\/v2\/comments?post=60"}],"version-history":[{"count":0,"href":"https:\/\/meier-gerdingh.de\/wp-spd-ob\/wp-json\/wp\/v2\/posts\/60\/revisions"}],"wp:attachment":[{"href":"https:\/\/meier-gerdingh.de\/wp-spd-ob\/wp-json\/wp\/v2\/media?parent=60"}],"wp:term":[{"taxonomy":"category","embeddable":true,"href":"https:\/\/meier-gerdingh.de\/wp-spd-ob\/wp-json\/wp\/v2\/categories?post=60"},{"taxonomy":"post_tag","embeddable":true,"href":"https:\/\/meier-gerdingh.de\/wp-spd-ob\/wp-json\/wp\/v2\/tags?post=60"},{"taxonomy":"quellen","embeddable":true,"href":"https:\/\/meier-gerdingh.de\/wp-spd-ob\/wp-json\/wp\/v2\/quellen?post=60"}],"curies":[{"name":"wp","href":"https:\/\/api.w.org\/{rel}","templated":true}]}}