{"id":6002,"date":"2018-12-11T08:46:20","date_gmt":"2018-12-11T07:46:20","guid":{"rendered":"https:\/\/meier-gerdingh.de\/wp-spd-ob\/?p=6002"},"modified":"2018-12-12T08:56:34","modified_gmt":"2018-12-12T07:56:34","slug":"klasse-8d-des-sophie-scholl-gymnasiums-besucht-den-landtag","status":"publish","type":"post","link":"https:\/\/meier-gerdingh.de\/wp-spd-ob\/2018\/12\/11\/klasse-8d-des-sophie-scholl-gymnasiums-besucht-den-landtag\/","title":{"rendered":"Klasse 8d des Sophie-Scholl-Gymnasiums besucht den Landtag"},"content":{"rendered":"<div id=\"attachment_5999\" style=\"width: 730px\" class=\"wp-caption aligncenter\"><a href=\"https:\/\/meier-gerdingh.de\/wp-spd-ob\/wp-content\/uploads\/2018\/12\/sophie_scholl_gymnasium_landtag_lg.jpg\"><img aria-describedby=\"caption-attachment-5999\" decoding=\"async\" class=\"size-full wp-image-5999\" src=\"https:\/\/meier-gerdingh.de\/wp-spd-ob\/wp-content\/uploads\/2018\/12\/sophie_scholl_gymnasium_landtag.jpg\" alt=\"\" width=\"720\" height=\"435\" srcset=\"https:\/\/meier-gerdingh.de\/wp-spd-ob\/wp-content\/uploads\/2018\/12\/sophie_scholl_gymnasium_landtag.jpg 720w, https:\/\/meier-gerdingh.de\/wp-spd-ob\/wp-content\/uploads\/2018\/12\/sophie_scholl_gymnasium_landtag-300x181.jpg 300w\" sizes=\"(max-width: 720px) 100vw, 720px\" \/><\/a><p id=\"caption-attachment-5999\" class=\"wp-caption-text\">Gruppenbild mit dem Sterkrader Landtagsabgeordneten Stefan Zimkeit: Die 8d des Sophie-Scholl-Gymnasiums zu Besuch im Landtag von Nordrhein-Westfalen<\/p><\/div>\n<p>Die Klasse 8d des Sophie-Scholl-Gymnasiums hat den Sterkrader Landtagsabgeordneten Stefan Zimkeit in D\u00fcsseldorf besucht. Im Unterricht hatten sie viele Themen vorbereitet, die die Sch\u00fclerinnen und Sch\u00fcler im Gespr\u00e4ch mit Zimkeit vortrugen. &#8222;Warum sind die Schulen so schlecht mit Computern ausgestattet?&#8220;, war eine sehr aktuelle Frage. &#8222;Die Digitalisierung von Schulen ist in vielen St\u00e4dten noch nicht so weit wie sie sein sollten&#8220;, r\u00e4umte der SPD-Abgeordnete ein.<\/p>\n<p>Er wies darauf hin, dass der Bund nun f\u00fcnf Milliarden Euro f\u00fcr die digitale Ausstattung von Schulen bereitstellen m\u00f6chte. Allerding drohe die dazu notwendige Grundgesetz\u00e4nderung am Einspruch einiger L\u00e4nderchefs zu scheitern, kritisierte Zimkeit auch NRW-Ministerpr\u00e4sident Laschet. Oberhausen werde alle Schulen ans Glasfasernetz anschlie\u00dfen, nannte er eine Grundvoraussetzung f\u00fcr schnelles Netz.<!--more--><\/p>\n<p>Stefan Zimkeit wies in der Diskussion darauf hin, dass es nicht ausreiche, mehr Computer anzuschaffen und die Schulen zu vernetzten. &#8222;Mindestens genauso wichtig ist eine entsprechende Ausbildung der Lehrkr\u00e4fte&#8220;, mahnte er eine &#8222;sinnvollen&#8220; Einsatz von Computern an. &#8222;Weite Teile des Unterrichts werden auch in Zukunft nicht-digital sein.&#8220;<\/p>\n<p>Die Sch\u00fclerinnen und Sch\u00fcler, die zuvor eine Plenardebatte im Landtag verfolgten, hatte viele unterschiedliche Fragen nach D\u00fcsseldorf mitgebracht. Dies reichten vom Einkommen eines Abgeordneten \u00fcber das Rauchverbot in \u00f6ffentlichen Bereichen bis hin zum Artikel 13 der EU-Urheberrechtsreform. Zimkeit warnte davor, der von US-Internetkonzernen befeuerten Kampagne unkritisch zu folgen. Selbstverst\u00e4ndlich sei er f\u00fcr Meinungsfreiheit, gleichzeitig seien die Rechte von K\u00fcnstlerinnen und K\u00fcnstlern und deren Urheberrecht zu sch\u00fctzen.<\/p>\n","protected":false},"excerpt":{"rendered":"<p>Die Klasse 8d des Sophie-Scholl-Gymnasiums hat den Sterkrader Landtagsabgeordneten Stefan Zimkeit in D\u00fcsseldorf besucht. Im Unterricht hatten sie viele Themen vorbereitet, die die Sch\u00fclerinnen und Sch\u00fcler im Gespr\u00e4ch mit Zimkeit&hellip; <\/p>\n","protected":false},"author":1,"featured_media":0,"comment_status":"closed","ping_status":"closed","sticky":false,"template":"","format":"standard","meta":{"footnotes":""},"categories":[231],"tags":[1486,1788,660,312,561,1787],"quellen":[331],"class_list":["post-6002","post","type-post","status-publish","format-standard","hentry","category-bildung","tag-digitalisierung","tag-digitalpakt","tag-landtagsbesuch","tag-schnelles-internet","tag-sophie-scholl-gymnasium","tag-urheberrecht","quellen-mdl-stefan-zimkeit"],"_links":{"self":[{"href":"https:\/\/meier-gerdingh.de\/wp-spd-ob\/wp-json\/wp\/v2\/posts\/6002","targetHints":{"allow":["GET"]}}],"collection":[{"href":"https:\/\/meier-gerdingh.de\/wp-spd-ob\/wp-json\/wp\/v2\/posts"}],"about":[{"href":"https:\/\/meier-gerdingh.de\/wp-spd-ob\/wp-json\/wp\/v2\/types\/post"}],"author":[{"embeddable":true,"href":"https:\/\/meier-gerdingh.de\/wp-spd-ob\/wp-json\/wp\/v2\/users\/1"}],"replies":[{"embeddable":true,"href":"https:\/\/meier-gerdingh.de\/wp-spd-ob\/wp-json\/wp\/v2\/comments?post=6002"}],"version-history":[{"count":0,"href":"https:\/\/meier-gerdingh.de\/wp-spd-ob\/wp-json\/wp\/v2\/posts\/6002\/revisions"}],"wp:attachment":[{"href":"https:\/\/meier-gerdingh.de\/wp-spd-ob\/wp-json\/wp\/v2\/media?parent=6002"}],"wp:term":[{"taxonomy":"category","embeddable":true,"href":"https:\/\/meier-gerdingh.de\/wp-spd-ob\/wp-json\/wp\/v2\/categories?post=6002"},{"taxonomy":"post_tag","embeddable":true,"href":"https:\/\/meier-gerdingh.de\/wp-spd-ob\/wp-json\/wp\/v2\/tags?post=6002"},{"taxonomy":"quellen","embeddable":true,"href":"https:\/\/meier-gerdingh.de\/wp-spd-ob\/wp-json\/wp\/v2\/quellen?post=6002"}],"curies":[{"name":"wp","href":"https:\/\/api.w.org\/{rel}","templated":true}]}}