{"id":6004,"date":"2018-12-13T19:29:16","date_gmt":"2018-12-13T18:29:16","guid":{"rendered":"https:\/\/meier-gerdingh.de\/wp-spd-ob\/?p=6004"},"modified":"2018-12-13T19:30:33","modified_gmt":"2018-12-13T18:30:33","slug":"mdl-sonja-bongers-wird-mitglied-im-neu-eingerichteten-parlamentarischen-untersuchungsausschuss-kleve","status":"publish","type":"post","link":"https:\/\/meier-gerdingh.de\/wp-spd-ob\/2018\/12\/13\/mdl-sonja-bongers-wird-mitglied-im-neu-eingerichteten-parlamentarischen-untersuchungsausschuss-kleve\/","title":{"rendered":"MdL Sonja Bongers wird Mitglied im neu eingerichteten Parlamentarischen Untersuchungsausschuss Kleve"},"content":{"rendered":"<div id=\"attachment_5285\" style=\"width: 190px\" class=\"wp-caption alignleft\"><a href=\"https:\/\/meier-gerdingh.de\/wp-spd-ob\/wp-content\/uploads\/2018\/06\/14_bongers_sonja_1000.jpg\"><img aria-describedby=\"caption-attachment-5285\" decoding=\"async\" class=\"size-full wp-image-5285\" src=\"https:\/\/meier-gerdingh.de\/wp-spd-ob\/wp-content\/uploads\/2018\/06\/14_bongers_sonja.jpg\" alt=\"\" width=\"180\" height=\"180\" srcset=\"https:\/\/meier-gerdingh.de\/wp-spd-ob\/wp-content\/uploads\/2018\/06\/14_bongers_sonja.jpg 180w, https:\/\/meier-gerdingh.de\/wp-spd-ob\/wp-content\/uploads\/2018\/06\/14_bongers_sonja-150x150.jpg 150w\" sizes=\"(max-width: 180px) 100vw, 180px\" \/><\/a><p id=\"caption-attachment-5285\" class=\"wp-caption-text\">Sonja Bongers ist Mitglied des Landtags von Nordrhein-Westfalen f\u00fcr Alt-Oberhausen und Osterfeld<\/p><\/div>\n<p>&#8222;Sehr ersch\u00fctternd&#8220; fand die Landtagsabgeordnete Sonja Bongers (SPD) den tragischen Tod des zu Unrecht inhaftierten Ahmed A. infolge eines Brandes in der Justizvollzugsanstalt Kleve im September dieses Jahres. Der 26-j\u00e4hrige Syrer wurde versehentlich f\u00fcr einen Afrikaner aus Mali gehalten, der auf einer Fahndungsliste stand, und wurde deswegen unrechtm\u00e4\u00dfig \u00fcber Wochen festgehalten.<\/p>\n<p>&#8222;Wir haben bereits versucht, die Brandursache und die Umst\u00e4nde dieser Trag\u00f6die in einer Aktuellen Viertelstunde des Rechtsausschusses und in einer gemeinsamen Sondersitzung von Rechts- und Innenausschuss zu kl\u00e4ren&#8220;, so Bongers, die auch rechtspolitische Sprecherin der SPD-Landtagsfraktion ist.<!--more--><\/p>\n<p>Nachdem eine Fragestunde im Oktober-Plenum und eine Aussprache in einer Aktuellen Stunde immer noch Fragen offen lie\u00dfen, haben die Fraktionen von SPD und B\u00fcndnis 90 \/ Die Gr\u00fcnen gemeinsam die Einsetzung eines &#8222;Parlamentarischen Untersuchungsausschusses Kleve&#8220; beantragt. Dem heute konstituierten Untersuchungsausschuss geh\u00f6rt Sonja Bongers als ordentliches Mitglied an.<\/p>\n","protected":false},"excerpt":{"rendered":"<p>&#8222;Sehr ersch\u00fctternd&#8220; fand die Landtagsabgeordnete Sonja Bongers (SPD) den tragischen Tod des zu Unrecht inhaftierten Ahmed A. infolge eines Brandes in der Justizvollzugsanstalt Kleve im September dieses Jahres. Der 26-j\u00e4hrige&hellip; <\/p>\n","protected":false},"author":1,"featured_media":0,"comment_status":"closed","ping_status":"closed","sticky":false,"template":"","format":"standard","meta":{"footnotes":""},"categories":[216],"tags":[1677,1794],"quellen":[1317],"class_list":["post-6004","post","type-post","status-publish","format-standard","hentry","category-land","tag-jva-kleve","tag-parlamentarischer-untersuchungsausschuss-kleve","quellen-mdl-sonja-bongers"],"_links":{"self":[{"href":"https:\/\/meier-gerdingh.de\/wp-spd-ob\/wp-json\/wp\/v2\/posts\/6004","targetHints":{"allow":["GET"]}}],"collection":[{"href":"https:\/\/meier-gerdingh.de\/wp-spd-ob\/wp-json\/wp\/v2\/posts"}],"about":[{"href":"https:\/\/meier-gerdingh.de\/wp-spd-ob\/wp-json\/wp\/v2\/types\/post"}],"author":[{"embeddable":true,"href":"https:\/\/meier-gerdingh.de\/wp-spd-ob\/wp-json\/wp\/v2\/users\/1"}],"replies":[{"embeddable":true,"href":"https:\/\/meier-gerdingh.de\/wp-spd-ob\/wp-json\/wp\/v2\/comments?post=6004"}],"version-history":[{"count":0,"href":"https:\/\/meier-gerdingh.de\/wp-spd-ob\/wp-json\/wp\/v2\/posts\/6004\/revisions"}],"wp:attachment":[{"href":"https:\/\/meier-gerdingh.de\/wp-spd-ob\/wp-json\/wp\/v2\/media?parent=6004"}],"wp:term":[{"taxonomy":"category","embeddable":true,"href":"https:\/\/meier-gerdingh.de\/wp-spd-ob\/wp-json\/wp\/v2\/categories?post=6004"},{"taxonomy":"post_tag","embeddable":true,"href":"https:\/\/meier-gerdingh.de\/wp-spd-ob\/wp-json\/wp\/v2\/tags?post=6004"},{"taxonomy":"quellen","embeddable":true,"href":"https:\/\/meier-gerdingh.de\/wp-spd-ob\/wp-json\/wp\/v2\/quellen?post=6004"}],"curies":[{"name":"wp","href":"https:\/\/api.w.org\/{rel}","templated":true}]}}