{"id":6007,"date":"2018-12-07T09:22:38","date_gmt":"2018-12-07T08:22:38","guid":{"rendered":"https:\/\/meier-gerdingh.de\/wp-spd-ob\/?p=6007"},"modified":"2018-12-16T09:26:23","modified_gmt":"2018-12-16T08:26:23","slug":"sozialer-arbeitsmarkt-ist-riesenchance-fuer-oberhausener-langzeitarbeitslose","status":"publish","type":"post","link":"https:\/\/meier-gerdingh.de\/wp-spd-ob\/2018\/12\/07\/sozialer-arbeitsmarkt-ist-riesenchance-fuer-oberhausener-langzeitarbeitslose\/","title":{"rendered":"Sozialer Arbeitsmarkt ist Riesenchance f\u00fcr Oberhausener Langzeitarbeitslose"},"content":{"rendered":"<div id=\"attachment_6005\" style=\"width: 730px\" class=\"wp-caption aligncenter\"><a href=\"https:\/\/meier-gerdingh.de\/wp-spd-ob\/wp-content\/uploads\/2018\/12\/fvo_arbeit_wertschaetzen.jpg\"><img aria-describedby=\"caption-attachment-6005\" decoding=\"async\" class=\"size-full wp-image-6005\" src=\"https:\/\/meier-gerdingh.de\/wp-spd-ob\/wp-content\/uploads\/2018\/12\/fvo_arbeit_wertschaetzen.jpg\" alt=\"\" width=\"720\" height=\"533\" srcset=\"https:\/\/meier-gerdingh.de\/wp-spd-ob\/wp-content\/uploads\/2018\/12\/fvo_arbeit_wertschaetzen.jpg 720w, https:\/\/meier-gerdingh.de\/wp-spd-ob\/wp-content\/uploads\/2018\/12\/fvo_arbeit_wertschaetzen-300x222.jpg 300w\" sizes=\"(max-width: 720px) 100vw, 720px\" \/><\/a><p id=\"caption-attachment-6005\" class=\"wp-caption-text\">Dirk V\u00f6pel (links) und sein Bundestagskollege Ralf Kapschak (rechts) aus dem Ausschuss f\u00fcr Arbeit und Soziales informierten im K14 \u00fcber die Arbeitsmarktpolitik der SPD<\/p><\/div>\n<p>&#8222;Die Schaffung eines \u00f6ffentlich gef\u00f6rderten Arbeitsmarktes f\u00fcr Langzeitarbeitslose, den der Deutsche Bundestag jetzt auf hartn\u00e4ckiges Dr\u00e4ngen der SPD-Bundestagsfraktion beschlossen hat, stellt auch eine riesige Chance f\u00fcr viele arbeitslose Menschen in Oberhausen dar&#8220;, davon ist der Oberhausener Bundestagsabgeordnete Dirk V\u00f6pel \u00fcberzeugt. Auf einer Informationsveranstaltung unter dem Motto &#8222;Arbeit wertsch\u00e4tzen&#8220; in der Fabrik K14 erl\u00e4uterten V\u00f6pel und sein MdB-Kollege Ralf Kapschak aus dem zust\u00e4ndigen Fachausschuss f\u00fcr Arbeit und Soziales die aktuellen Erfolge der Arbeitnehmerpolitik der SPD-Bundestagsfraktion. Breiten Raum nahm dabei insbesondere die Diskussion \u00fcber den Sozialen Arbeitsmarkt ein, mit dem der Kampf gegen die chronische Langzeitarbeitslosigkeit in Deutschland eine ganz neue Qualit\u00e4t gewinnen werde, so Kapschak.<\/p>\n<p>&#8222;Das soeben verabschiedete Teilhabechancen-Gesetz wird das Prinzip &#8218;Arbeit statt Arbeitslosigkeit zu finanzieren&#8216; erstmals mit aller Konsequenz umsetzen. Nach Jahrzehnten des nahezu wirkungslosen Herumdokterns an den Symptomen werden nun erstmals alle geeigneten arbeitsmarktpolitischen Instrumente bereitgestellt, damit auch Langzeitarbeitslose wieder Chancen und Perspektiven auf dem ersten Arbeitsmarkt erhalten&#8220;, stellt MdB Dirk V\u00f6pel fest.<!--more--><\/p>\n<p>Dabei sei der Grundgedanke unmittelbar einleuchtend: Menschen, die sechs Jahre oder l\u00e4nger keine regul\u00e4re Besch\u00e4ftigung ausge\u00fcbt h\u00e4tten, ben\u00f6tigten mehr Unterst\u00fctzung als andere. Sie m\u00fcssten in der Regel \u00fcber einen l\u00e4ngeren Zeitraum und mit individueller Betreuung erst wieder an die allt\u00e4glichen Anforderungen eines Jobs auf dem regul\u00e4ren Arbeitsmarkt herangef\u00fchrt werden. Dann allerdings best\u00fcnden gute Aussichten auf eine dauerhafte Wiedereingliederung in den Arbeitsmarkt.<\/p>\n<p><strong>Zentrale Bausteine<\/strong> des Teilhabechancen-Gesetzes sind deshalb:<\/p>\n<ul>\n<li><strong>Lohnkostenzuschuss:<\/strong> In den ersten beiden Jahren gibt es einen Lohnzuschuss von 100 Prozent, der sich am Tariflohn und nicht am Mindestlohn orientiert. Diese Orientierung am Tariflohn ist ein gro\u00dfer Verhandlungserfolg der SPD und eine zentrale Voraussetzung f\u00fcr den Erfolg des Projektes. Denn nun k\u00f6nnen sich auch die vielen tarifgebundenen Unternehmen am Programm beteiligen, ohne Wettbewerbsnachteile bef\u00fcrchten zu m\u00fcssen. Da aufgrund der beruflichen Praxiserfahrungen in den ersten beiden Jahren mit einer gestiegenen Leistungsf\u00e4higkeit der Programmteilnehmer gerechnet werden darf, k\u00f6nnen die Zusch\u00fcsse danach um j\u00e4hrlich 10 Prozent abgesenkt werden.<\/li>\n<li><strong>F\u00f6rderzeitraum:<\/strong> Die im Vergleich zu bisherigen Ma\u00dfnahmen ungew\u00f6hnlich lange maximale F\u00f6rderdauer betr\u00e4gt 5 Jahre. Dies erh\u00f6ht die Wahrscheinlichkeit, dass viele Langzeitarbeitslose nach dieser Zeit den Sprung zur\u00fcck auf den ersten Arbeitsmarkt geschafft haben.<\/li>\n<li><strong>F\u00f6rderberechtigte:<\/strong> Gef\u00f6rdert werden Menschen, die \u00fcber 25 Jahre alt sind und f\u00fcr mindestens sechs Jahre in den letzten sieben Jahren Arbeitslosengeld II bezogen haben.<\/li>\n<li><strong>Sozialversicherungspflicht:<\/strong> Die ehemaligen Langzeitarbeitslosen arbeiten voll sozialversicherungspflichtig und sind in dieser Hinsicht den anderen Kolleginnen und Kollegen im Betrieb gleichgestellt.<\/li>\n<li><strong>Begleitende Betreuung:<\/strong> Um die Besch\u00e4ftigung zu festigen und zu stabilisieren, werden die Teilnehmerinnen und Teilnehmer und ihre Arbeitgeber bei Fragen und Problemen von den Jobcentern intensiv betreut und unterst\u00fctzt.<\/li>\n<\/ul>\n<p>Insgesamt stellt der Bund f\u00fcr dieses arbeitsmarktpolitische Gro\u00dfprojekt in den kommenden Jahren 4 Milliarden Euro zur Verf\u00fcgung. Nach Ansicht von lokalen Arbeitsmarktexperten k\u00f6nnten allein im Bereich des Jobcenters Oberhausen mehrere hundert Stellen auf dem neuen sozialen Arbeitsmarkt entstehen. &#8222;Das ist ein gro\u00dfer und unbestreitbarer Erfolg f\u00fcr Langzeitarbeitslose, den es ohne die SPD in dieser Gro\u00dfen Koalition niemals gegeben h\u00e4tte&#8220;, bemerkt V\u00f6pel.<\/p>\n<p>&#8222;Ich empfehle dem einen oder anderen Dauern\u00f6rgler in der SPD den R\u00fccken durchzubiegen und endlich mit dem angemessenen Selbstbewusstsein unsere politischen Erfolge offensiv zu vertreten.&#8220;<\/p>\n","protected":false},"excerpt":{"rendered":"<p>&#8222;Die Schaffung eines \u00f6ffentlich gef\u00f6rderten Arbeitsmarktes f\u00fcr Langzeitarbeitslose, den der Deutsche Bundestag jetzt auf hartn\u00e4ckiges Dr\u00e4ngen der SPD-Bundestagsfraktion beschlossen hat, stellt auch eine riesige Chance f\u00fcr viele arbeitslose Menschen in&hellip; <\/p>\n","protected":false},"author":1,"featured_media":0,"comment_status":"closed","ping_status":"closed","sticky":false,"template":"","format":"standard","meta":{"footnotes":""},"categories":[174,180],"tags":[18,549,1767,1632,742,1647,1686,293,740,84,1646,1795],"quellen":[330],"class_list":["post-6007","post","type-post","status-publish","format-standard","hentry","category-arbeit-und-soziales","category-bund","tag-arbeitsmarkt","tag-arbeitsmarktpolitik","tag-fraktion-im-dialog","tag-jobcenter","tag-langzeitarbeitslose","tag-langzeitarbeitslosgkeit","tag-lohnkostenzuschuesse","tag-mindestlohn","tag-sozialer-arbeitsmarkt","tag-spd-bundestagsfraktion","tag-tariflohn","tag-teilhabechancengesetz","quellen-mdb-dirk-voepel"],"_links":{"self":[{"href":"https:\/\/meier-gerdingh.de\/wp-spd-ob\/wp-json\/wp\/v2\/posts\/6007","targetHints":{"allow":["GET"]}}],"collection":[{"href":"https:\/\/meier-gerdingh.de\/wp-spd-ob\/wp-json\/wp\/v2\/posts"}],"about":[{"href":"https:\/\/meier-gerdingh.de\/wp-spd-ob\/wp-json\/wp\/v2\/types\/post"}],"author":[{"embeddable":true,"href":"https:\/\/meier-gerdingh.de\/wp-spd-ob\/wp-json\/wp\/v2\/users\/1"}],"replies":[{"embeddable":true,"href":"https:\/\/meier-gerdingh.de\/wp-spd-ob\/wp-json\/wp\/v2\/comments?post=6007"}],"version-history":[{"count":0,"href":"https:\/\/meier-gerdingh.de\/wp-spd-ob\/wp-json\/wp\/v2\/posts\/6007\/revisions"}],"wp:attachment":[{"href":"https:\/\/meier-gerdingh.de\/wp-spd-ob\/wp-json\/wp\/v2\/media?parent=6007"}],"wp:term":[{"taxonomy":"category","embeddable":true,"href":"https:\/\/meier-gerdingh.de\/wp-spd-ob\/wp-json\/wp\/v2\/categories?post=6007"},{"taxonomy":"post_tag","embeddable":true,"href":"https:\/\/meier-gerdingh.de\/wp-spd-ob\/wp-json\/wp\/v2\/tags?post=6007"},{"taxonomy":"quellen","embeddable":true,"href":"https:\/\/meier-gerdingh.de\/wp-spd-ob\/wp-json\/wp\/v2\/quellen?post=6007"}],"curies":[{"name":"wp","href":"https:\/\/api.w.org\/{rel}","templated":true}]}}