{"id":6019,"date":"2019-01-08T20:19:27","date_gmt":"2019-01-08T19:19:27","guid":{"rendered":"https:\/\/meier-gerdingh.de\/wp-spd-ob\/?p=6019"},"modified":"2019-01-08T20:30:32","modified_gmt":"2019-01-08T19:30:32","slug":"rueckenwind-aus-berlin-hilft-familien-in-nrw","status":"publish","type":"post","link":"https:\/\/meier-gerdingh.de\/wp-spd-ob\/2019\/01\/08\/rueckenwind-aus-berlin-hilft-familien-in-nrw\/","title":{"rendered":"R\u00fcckenwind aus Berlin hilft Familien in NRW"},"content":{"rendered":"<div id=\"attachment_5285\" style=\"width: 190px\" class=\"wp-caption alignleft\"><a href=\"https:\/\/meier-gerdingh.de\/wp-spd-ob\/wp-content\/uploads\/2018\/06\/14_bongers_sonja_1000.jpg\"><img aria-describedby=\"caption-attachment-5285\" decoding=\"async\" class=\"size-full wp-image-5285\" src=\"https:\/\/meier-gerdingh.de\/wp-spd-ob\/wp-content\/uploads\/2018\/06\/14_bongers_sonja.jpg\" alt=\"\" width=\"180\" height=\"180\" srcset=\"https:\/\/meier-gerdingh.de\/wp-spd-ob\/wp-content\/uploads\/2018\/06\/14_bongers_sonja.jpg 180w, https:\/\/meier-gerdingh.de\/wp-spd-ob\/wp-content\/uploads\/2018\/06\/14_bongers_sonja-150x150.jpg 150w\" sizes=\"(max-width: 180px) 100vw, 180px\" \/><\/a><p id=\"caption-attachment-5285\" class=\"wp-caption-text\">Sonja Bongers ist Mitglied des Landtags von Nordrhein-Westfalen f\u00fcr Alt-Oberhausen und Osterfeld<\/p><\/div>\n<p>&#8222;Ich freue mich, dass nun die Beitragsfreiheit f\u00fcr ein weiteres Kita-Jahr angek\u00fcndigt wurde.&#8220; so die Landtagsabgeordnete Sonja Bongers (SPD). Gut, dass sich NRW-Familienminister Stamp (FDP) dazu durchgerungen hat, den Willen zehntausender Eltern nicht weiter zu missachten. Der Druck, den wir als Fraktion im Landtag gemacht haben, hat sich offenbar gelohnt. Der NRW-Minister nutzt den R\u00fcckenwind aus Berlin, den ihm die Bundesfamilienministerin Franziska Giffey (SPD) mit dem Gute-Kita-Gesetz verschafft hat.<!--more--><\/p>\n<p>&#8222;Auch wenn es eine gute und wichtige Nachricht f\u00fcr die Familien in unserem Land ist, finde ich auch, dass es nur ein Schritt in die richtige Richtung darstellt.&#8220; f\u00fchrt Bongers fort. &#8222;Der Weg f\u00fcr eine vollst\u00e4ndige Abschaffung der Kita-Geb\u00fchren w\u00e4re frei. Es sind ausreichend Mittel da, die Eltern sofort von den unsozialen Kita-Geb\u00fchren befreien und allen Kindern unabh\u00e4ngig vom Geldbeutel der Eltern Zugang zu fr\u00fchkindlicher Bildung erm\u00f6glichen k\u00f6nnte. Herr Stamp muss ihn nur gehen.&#8220;<\/p>\n","protected":false},"excerpt":{"rendered":"<p>&#8222;Ich freue mich, dass nun die Beitragsfreiheit f\u00fcr ein weiteres Kita-Jahr angek\u00fcndigt wurde.&#8220; so die Landtagsabgeordnete Sonja Bongers (SPD). Gut, dass sich NRW-Familienminister Stamp (FDP) dazu durchgerungen hat, den Willen&hellip; <\/p>\n","protected":false},"author":1,"featured_media":0,"comment_status":"closed","ping_status":"closed","sticky":false,"template":"","format":"standard","meta":{"footnotes":""},"categories":[179],"tags":[604,941,1726],"quellen":[1317],"class_list":["post-6019","post","type-post","status-publish","format-standard","hentry","category-kinder-und-jugendliche","tag-kindertagesstaetten","tag-kita-beitraege","tag-kte-gebuehren","quellen-mdl-sonja-bongers"],"_links":{"self":[{"href":"https:\/\/meier-gerdingh.de\/wp-spd-ob\/wp-json\/wp\/v2\/posts\/6019","targetHints":{"allow":["GET"]}}],"collection":[{"href":"https:\/\/meier-gerdingh.de\/wp-spd-ob\/wp-json\/wp\/v2\/posts"}],"about":[{"href":"https:\/\/meier-gerdingh.de\/wp-spd-ob\/wp-json\/wp\/v2\/types\/post"}],"author":[{"embeddable":true,"href":"https:\/\/meier-gerdingh.de\/wp-spd-ob\/wp-json\/wp\/v2\/users\/1"}],"replies":[{"embeddable":true,"href":"https:\/\/meier-gerdingh.de\/wp-spd-ob\/wp-json\/wp\/v2\/comments?post=6019"}],"version-history":[{"count":0,"href":"https:\/\/meier-gerdingh.de\/wp-spd-ob\/wp-json\/wp\/v2\/posts\/6019\/revisions"}],"wp:attachment":[{"href":"https:\/\/meier-gerdingh.de\/wp-spd-ob\/wp-json\/wp\/v2\/media?parent=6019"}],"wp:term":[{"taxonomy":"category","embeddable":true,"href":"https:\/\/meier-gerdingh.de\/wp-spd-ob\/wp-json\/wp\/v2\/categories?post=6019"},{"taxonomy":"post_tag","embeddable":true,"href":"https:\/\/meier-gerdingh.de\/wp-spd-ob\/wp-json\/wp\/v2\/tags?post=6019"},{"taxonomy":"quellen","embeddable":true,"href":"https:\/\/meier-gerdingh.de\/wp-spd-ob\/wp-json\/wp\/v2\/quellen?post=6019"}],"curies":[{"name":"wp","href":"https:\/\/api.w.org\/{rel}","templated":true}]}}