{"id":603,"date":"2007-10-09T16:00:00","date_gmt":"2007-10-09T14:00:00","guid":{"rendered":"http:\/\/www.meier-gerdingh.de\/spd-oberhausen\/wp\/?p=603"},"modified":"2017-05-14T15:08:39","modified_gmt":"2017-05-14T13:08:39","slug":"staatssekretaer-michael-mueller-bei-der-spd","status":"publish","type":"post","link":"https:\/\/meier-gerdingh.de\/wp-spd-ob\/2007\/10\/09\/staatssekretaer-michael-mueller-bei-der-spd\/","title":{"rendered":"Staatssekret\u00e4r Michael M\u00fcller bei der SPD"},"content":{"rendered":"<div style=\"width: 210px\" class=\"wp-caption alignleft\"><a href=\"http:\/\/meier-gerdingh.de\/wp-spd-ob\/wp-content\/uploads\/veranstaltung_mueller.jpg\"><img decoding=\"async\" class=\"size-full\" src=\"http:\/\/meier-gerdingh.de\/wp-spd-ob\/wp-content\/uploads\/veranstaltung_mueller.jpg\" alt=\"MdB Wolfgang Grotthaus, Staatssekret\u00e4r Michael M\u00fcller und Juso-Chef Stefan Scheffler\" width=\"200\" height=\"148\" \/><\/a><p class=\"wp-caption-text\">MdB Wolfgang Grotthaus, Staatssekret\u00e4r Michael M\u00fcller und Juso-Chef Stefan Scheffler<\/p><\/div>\n<p>Auf Einladung von MdB Wolfgang Grotthaus sowie des Chefs der Oberhausener Jungsozialisten Stefan Scheffler diskutierte der Parlamentarische Staatssekret\u00e4r Michael M\u00fcller beim Bundesministerium f\u00fcr Umwelt, Naturschutz und Reaktorsicherheit mit 50 umweltpolitisch interessierten Mitgliedern der SPD und B\u00fcrgerinnen und B\u00fcrgern am vergangenen Montag im Haus Union umweltpolitischen Ziele.<!--more--><\/p>\n<p>Anhand internationaler Forschungen (IPCC), an denen rund 2.500 Wissenschaftler auf der ganzen Welt beteiligt sind, stellte Michael M\u00fcller Schwerpunkte des Klimawandels und die Auswirkungen in einem umfassenden und hochinteressanten Referat dar. Durch zahlreiche Beispiele \u00fcber Fragen der Wasserversorgung aus Gletschergebieten in S\u00fcdamerika, Folgen des Abschmelzens des Gr\u00f6nland-Eises, Auftauen von Permafrost-Gebieten in Asien, Erw\u00e4rmung der Nordsee oder des Anstiegs des Meeresspiegels machte M\u00fcller in seinem Vortrag die bereits heute wissenschaftlich gesicherten Erkenntnisse und Auswirkungen auf die Erdbev\u00f6lkerung anschaulich deutlich.<\/p>\n<p>Das Res\u00fcmee nach der Analyse: &#8222;Wir brauchen nichts mehr deutlich zu machen, das Thema Umwelt ist bekannt. Wir m\u00fcssen handeln, die Chance ergreifen, um die Klimaerw\u00e4rmung zu begrenzen, die Notwendigkeit des Handelns unter den Oberbegriff einer &amp;039;aufhaltsame Katastrophe&amp;039; stellen.&#8220; M\u00fcller wies insbesondere auf die Notwendigkeit der Effizienzsteigerung der Energieausbeutung, der F\u00f6rderung erneuerbarer Energien sowie der Forschung und Umsetzung bei \u00f6kologischer Technologien hin, welche nicht zuletzt zur Folge haben, dass es in der Bundesrepublik zu mehr Arbeitspl\u00e4tzen, zu besserer Ausbildung und zu zeitgem\u00e4\u00dfer Technologie mit \u00f6kologischer Ausrichtung kommen muss und kommen kann.<\/p>\n<p>Der Bundesrepublik Deutschland bescheinigte er in der Frage der F\u00f6rderung der \u00f6kologischen Technologie einen Spitzenplatz in der westlichen Welt. Die Schlussfolgerung: &#8222;Deutschland ist auf vielen Gebieten Pionier. Wir haben eine Chance, die Umweltkatastrophe aufzuhalten, wenn wir Europa mitnehmen und internationale Vertr\u00e4ge schlie\u00dfen, die die Globalisierung \u00f6kologisch und sozial gerecht gestalten.&#8220;<\/p>\n<p>Der Berliner Staatssekret\u00e4r machte deutlich, dass bereits das Ausschalten aller Standby-Ger\u00e4te in der Bundesrepublik zum Abbau eines Atomkraftwerkes f\u00fchre, bei der Anschaffung marktbester Ger\u00e4te auch in den Haushalten Energieleistungen von sieben Atomkraftwerken eingespart und bei der F\u00f6rderung effizienterer Heizungsanlagen und W\u00e4rmed\u00e4mmung der Energieverbrauch um bis zu 80% gesenkt werden k\u00f6nnte.<\/p>\n<p>Machen wir nichts, so M\u00fcller, werden die gro\u00dfen Konflikte der Welt Wasserknappheit sein, Ern\u00e4hrungskrisen, eine riesige Ausweitung der Klimagef\u00e4hrdungsgebiete. F\u00fchrt man sich vor Augen, dass bereits heute 46% Afrikas aus W\u00fcste bestehen und bereits bei Temperaturanstieg von zwei Grad mit 50% Ernteausf\u00e4llen in Afrika zu rechnen ist, werden die Folgen deutlich.<\/p>\n<p>Deshalb mahnte M\u00fcller eindringlich alle verantwortlichen Politiker, auf Energieeinsparung hin zu arbeiten, die erneuerbaren Energien weiterhin massiv zu f\u00f6rdern, \u00f6ffentliche Verkehrsbetriebe auszubauen und W\u00e4lder, B\u00f6den und Meeressysteme nachhaltig zu sch\u00fctzen.<\/p>\n<p>M\u00fcller nach der anschlie\u00dfenden Diskussion abschlie\u00dfend: &#8222;Ich glaube, dass wir heute Abend eines der wichtigsten Themen des Jahrhunderts diskutiert haben, und ich denke, dass wir in den n\u00e4chsten Jahren noch intensiver merken werden, dass wir die Rechnung lange Zeit ohne die Natur gemacht haben.&#8220; Der parlamentarische Staatssekret\u00e4r forderte alle Teilnehmer auf, sich pers\u00f6nlich aktiv f\u00fcr den Klimaschutz einzusetzen, um das Ringen mit der Zerbrechlichkeit der Erde in einer globalisierten Welt positiv zu gestalten.<\/p>\n","protected":false},"excerpt":{"rendered":"<p>Auf Einladung von MdB Wolfgang Grotthaus sowie des Chefs der Oberhausener Jungsozialisten Stefan Scheffler diskutierte der Parlamentarische Staatssekret\u00e4r Michael M\u00fcller beim Bundesministerium f\u00fcr Umwelt, Naturschutz und Reaktorsicherheit mit 50 umweltpolitisch&hellip; <\/p>\n","protected":false},"author":1,"featured_media":0,"comment_status":"closed","ping_status":"closed","sticky":false,"template":"","format":"standard","meta":{"footnotes":""},"categories":[1],"tags":[],"quellen":[],"class_list":["post-603","post","type-post","status-publish","format-standard","hentry","category-allgemein"],"_links":{"self":[{"href":"https:\/\/meier-gerdingh.de\/wp-spd-ob\/wp-json\/wp\/v2\/posts\/603","targetHints":{"allow":["GET"]}}],"collection":[{"href":"https:\/\/meier-gerdingh.de\/wp-spd-ob\/wp-json\/wp\/v2\/posts"}],"about":[{"href":"https:\/\/meier-gerdingh.de\/wp-spd-ob\/wp-json\/wp\/v2\/types\/post"}],"author":[{"embeddable":true,"href":"https:\/\/meier-gerdingh.de\/wp-spd-ob\/wp-json\/wp\/v2\/users\/1"}],"replies":[{"embeddable":true,"href":"https:\/\/meier-gerdingh.de\/wp-spd-ob\/wp-json\/wp\/v2\/comments?post=603"}],"version-history":[{"count":0,"href":"https:\/\/meier-gerdingh.de\/wp-spd-ob\/wp-json\/wp\/v2\/posts\/603\/revisions"}],"wp:attachment":[{"href":"https:\/\/meier-gerdingh.de\/wp-spd-ob\/wp-json\/wp\/v2\/media?parent=603"}],"wp:term":[{"taxonomy":"category","embeddable":true,"href":"https:\/\/meier-gerdingh.de\/wp-spd-ob\/wp-json\/wp\/v2\/categories?post=603"},{"taxonomy":"post_tag","embeddable":true,"href":"https:\/\/meier-gerdingh.de\/wp-spd-ob\/wp-json\/wp\/v2\/tags?post=603"},{"taxonomy":"quellen","embeddable":true,"href":"https:\/\/meier-gerdingh.de\/wp-spd-ob\/wp-json\/wp\/v2\/quellen?post=603"}],"curies":[{"name":"wp","href":"https:\/\/api.w.org\/{rel}","templated":true}]}}