{"id":6033,"date":"2019-01-17T18:21:37","date_gmt":"2019-01-17T17:21:37","guid":{"rendered":"https:\/\/meier-gerdingh.de\/wp-spd-ob\/?p=6033"},"modified":"2019-01-17T18:21:59","modified_gmt":"2019-01-17T17:21:59","slug":"gleiches-geld-fuer-grundschullehrkraefte","status":"publish","type":"post","link":"https:\/\/meier-gerdingh.de\/wp-spd-ob\/2019\/01\/17\/gleiches-geld-fuer-grundschullehrkraefte\/","title":{"rendered":"Gleiches Geld f\u00fcr Grundschullehrkr\u00e4fte"},"content":{"rendered":"<div id=\"attachment_4242\" style=\"width: 150px\" class=\"wp-caption alignleft\"><a href=\"https:\/\/meier-gerdingh.de\/wp-spd-ob\/wp-content\/uploads\/2017\/05\/zimkeit_stefan_17.jpg\"><img aria-describedby=\"caption-attachment-4242\" decoding=\"async\" class=\"size-full wp-image-4242\" src=\"https:\/\/meier-gerdingh.de\/wp-spd-ob\/wp-content\/uploads\/2017\/05\/zimkeit_stefan_17.jpg\" alt=\"\" width=\"140\" height=\"192\" \/><\/a><p id=\"caption-attachment-4242\" class=\"wp-caption-text\">Stefan Zimkeit ist Landtagsabgeordneter f\u00fcr Oberhausen-Sterkrade und Dinslaken sowie haushalts- und finanzpolitischer Sprecher der SPD-Landtagsfraktion<\/p><\/div>\n<p>&#8222;Um dem Mangel an Grundschullehrkr\u00e4ften entgegen zu wirken, m\u00fcssen wir schnellstm\u00f6glich die Benachteiligung bei der Bezahlung beenden&#8220;, reagiert Stefan Zimkeit (SPD) auf die \u00c4u\u00dferungen des FDP-Staatssekret\u00e4rs Mathias Richter in Oberhausen. Dies w\u00e4re die angemessene Reaktion auf den Unterrichtsausfall, ist Zimkeit \u00fcberzeugt.<\/p>\n<p>&#8222;Die FDP m\u00f6chte hingegen daran festhalten, Grundschullehrer schlechter zu bezahlen als Gymnasiallehrer. Das ist aber der entscheidende Grund daf\u00fcr, dass viel mehr junge Menschen die Gymnasiallaufbahn anstreben und nur sehr wenige Gymnasiallehrer bereit sind, an der Grundschule zu unterrichten.&#8220;<!--more--><\/p>\n<p>Die finanziellen Spielr\u00e4ume seien vorhanden, so Zimkeit. &#8222;2018 hat das Land NRW zirka eine Milliarde Euro Haushaltsmittel wegen unbesetzter Personalstellen nicht ausgegeben.&#8220;<\/p>\n<p>Der SPD-Finanzexperte fordert, alle Lehrkr\u00e4fte einheitlich nach A 13 zu bezahlen. Stefan Zimkeit hatte deshalb im Rahmen der Beratungen um den Landeshaushalt 2019 eine entsprechende Besoldungserh\u00f6hung f\u00fcr Grundschullehrer beantragt. &#8222;Leider wurde das von CDU und FDP abgelehnt. Insbesondere die FDP hat ideologische Vorbehalte gegen eine gleiche Bezahlung des Lehrpersonals.&#8220;<\/p>\n<p>Aus Zimkeits Sicht ist die Geringsch\u00e4tzung der p\u00e4dagogischen Leistung von Grundschullehrerinnen und -lehrern unbegr\u00fcndet. &#8222;Gerade der Einstieg in die Schule entscheidet dar\u00fcber, ob alle Kinder gleich gute Bildungschancen bekommen. Hier wird an den Grundschulen unsch\u00e4tzbare Arbeit geleistet.&#8220; Deswegen k\u00f6nne der Lehrermangel gerade dort gravierende Folgen haben, bef\u00fcrchtet Stefan Zimkeit.<\/p>\n<p>&#8222;Oberhausen ist davon ganz besonders betroffen. W\u00e4hrend im wohlhabenden D\u00fcsseldorf alle j\u00fcngst ausgeschriebenen Lehrerstellen besetzt werden konnten, bleiben im Ruhrgebiet mehr als die H\u00e4lfte der Grundschulstellen unbesetzt&#8220;, wirft Zimkeit der FDP-Schulministerin Yvonne Gebauer &#8222;Unt\u00e4tigkeit&#8220; vor.<\/p>\n<p>Der Landtagsabgeordnete spricht sich deshalb daf\u00fcr aus, die Praxis der Stellenbesetzung zu \u00e4ndern. &#8222;Zun\u00e4chst m\u00fcssen dort Stellen besetzt werden, wo der Mangel am gr\u00f6\u00dften ist&#8220;, fordert Zimkeit mehr Lehrer insbesondere f\u00fcr Oberhausen und das Ruhrgebiet.<\/p>\n","protected":false},"excerpt":{"rendered":"<p>&#8222;Um dem Mangel an Grundschullehrkr\u00e4ften entgegen zu wirken, m\u00fcssen wir schnellstm\u00f6glich die Benachteiligung bei der Bezahlung beenden&#8220;, reagiert Stefan Zimkeit (SPD) auf die \u00c4u\u00dferungen des FDP-Staatssekret\u00e4rs Mathias Richter in Oberhausen.&hellip; <\/p>\n","protected":false},"author":1,"featured_media":0,"comment_status":"closed","ping_status":"closed","sticky":false,"template":"","format":"standard","meta":{"footnotes":""},"categories":[179,216],"tags":[799,1674,1759,1802,1801,1306,899],"quellen":[331],"class_list":["post-6033","post","type-post","status-publish","format-standard","hentry","category-kinder-und-jugendliche","category-land","tag-grundschulen","tag-grundschullehrkraefte","tag-landeshaushalt-2019","tag-lehrerbesoldung","tag-lehrermangel","tag-ruhrgebiet","tag-stellenbesetzung","quellen-mdl-stefan-zimkeit"],"_links":{"self":[{"href":"https:\/\/meier-gerdingh.de\/wp-spd-ob\/wp-json\/wp\/v2\/posts\/6033","targetHints":{"allow":["GET"]}}],"collection":[{"href":"https:\/\/meier-gerdingh.de\/wp-spd-ob\/wp-json\/wp\/v2\/posts"}],"about":[{"href":"https:\/\/meier-gerdingh.de\/wp-spd-ob\/wp-json\/wp\/v2\/types\/post"}],"author":[{"embeddable":true,"href":"https:\/\/meier-gerdingh.de\/wp-spd-ob\/wp-json\/wp\/v2\/users\/1"}],"replies":[{"embeddable":true,"href":"https:\/\/meier-gerdingh.de\/wp-spd-ob\/wp-json\/wp\/v2\/comments?post=6033"}],"version-history":[{"count":0,"href":"https:\/\/meier-gerdingh.de\/wp-spd-ob\/wp-json\/wp\/v2\/posts\/6033\/revisions"}],"wp:attachment":[{"href":"https:\/\/meier-gerdingh.de\/wp-spd-ob\/wp-json\/wp\/v2\/media?parent=6033"}],"wp:term":[{"taxonomy":"category","embeddable":true,"href":"https:\/\/meier-gerdingh.de\/wp-spd-ob\/wp-json\/wp\/v2\/categories?post=6033"},{"taxonomy":"post_tag","embeddable":true,"href":"https:\/\/meier-gerdingh.de\/wp-spd-ob\/wp-json\/wp\/v2\/tags?post=6033"},{"taxonomy":"quellen","embeddable":true,"href":"https:\/\/meier-gerdingh.de\/wp-spd-ob\/wp-json\/wp\/v2\/quellen?post=6033"}],"curies":[{"name":"wp","href":"https:\/\/api.w.org\/{rel}","templated":true}]}}