{"id":6034,"date":"2019-01-17T19:00:56","date_gmt":"2019-01-17T18:00:56","guid":{"rendered":"https:\/\/meier-gerdingh.de\/wp-spd-ob\/?p=6034"},"modified":"2019-01-17T19:00:56","modified_gmt":"2019-01-17T18:00:56","slug":"spd-will-gruene-wellen-ueberpruefen-lassen","status":"publish","type":"post","link":"https:\/\/meier-gerdingh.de\/wp-spd-ob\/2019\/01\/17\/spd-will-gruene-wellen-ueberpruefen-lassen\/","title":{"rendered":"SPD will Gr\u00fcne Wellen \u00fcberpr\u00fcfen lassen"},"content":{"rendered":"<div id=\"attachment_5396\" style=\"width: 190px\" class=\"wp-caption alignleft\"><a href=\"https:\/\/meier-gerdingh.de\/wp-spd-ob\/wp-content\/uploads\/2018\/07\/14_flore_manfred_1000.jpg\"><img aria-describedby=\"caption-attachment-5396\" decoding=\"async\" class=\"size-full wp-image-5396\" src=\"https:\/\/meier-gerdingh.de\/wp-spd-ob\/wp-content\/uploads\/2018\/07\/14_flore_manfred.jpg\" alt=\"\" width=\"180\" height=\"180\" srcset=\"https:\/\/meier-gerdingh.de\/wp-spd-ob\/wp-content\/uploads\/2018\/07\/14_flore_manfred.jpg 180w, https:\/\/meier-gerdingh.de\/wp-spd-ob\/wp-content\/uploads\/2018\/07\/14_flore_manfred-150x150.jpg 150w\" sizes=\"(max-width: 180px) 100vw, 180px\" \/><\/a><p id=\"caption-attachment-5396\" class=\"wp-caption-text\">Manfred Flore ist umwelt- und kulturpolitischer Sprecher der SPD-Ratsfraktion<\/p><\/div>\n<p>&#8222;Dem Augenschein nach scheint eine Verringerung der Stickoxid-Belastung an der M\u00fclheimer Stra\u00dfe durch eine entsprechende Lenkung des Verkehrs mittels gr\u00fcner Welle nicht richtig zu funktionieren&#8220;, vermutet Manfred Flore, Umweltpolitischer Sprecher der SPD-Ratsfraktion.<\/p>\n<p>Dabei brauche die Stadt eine umweltorientierte Verkehrssteuerung, die dabei hilft, den Verkehr fl\u00fcssiger durch die Stadt zu lenken, Brems- und Haltevorg\u00e4nge zu verringern und somit Schadstoffe in der Luft zu reduzieren. Dieser Ansatz findet sich auch im Masterplan &#8222;Saubere Luft f\u00fcr Oberhausen&#8220; wieder.<!--more--><\/p>\n<p>In seiner letzten Sitzung hat der Rat dieses Ma\u00dfnahmenpaket beschlossen, um ein gerichtliches Fahrverbot f\u00fcr Dieselfahrzeuge auf der M\u00fclheimer Stra\u00dfe zu verhindern. &#8222;Daf\u00fcr w\u00e4re ein gleichm\u00e4\u00dfiger Verkehrsfluss auf der Stra\u00dfe n\u00f6tig, da das st\u00e4ndige Anfahren an Ampeln f\u00fcr zus\u00e4tzliche Belastung sorgt&#8220;, erkl\u00e4rt Flore. Derzeit funktioniere das System der Gr\u00fcnen Welle erfahrungsgem\u00e4\u00df allerdings nicht oder nur selten.<\/p>\n<p>&#8222;Das best\u00e4tigen B\u00fcrgerinnen und B\u00fcrger in Gespr\u00e4chen&#8220;, so Flore, der auf funktionierende Beispiele etwa in Essen und D\u00fcsseldorf verweist. Solche Erfolge h\u00e4tten sich in Oberhausen auch mit der Anschaffung des neuen Rechners f\u00fcr die Ampelschaltungen nicht eingestellt.<\/p>\n<p>Die SPD will nun wissen, warum das so ist. &#8222;Wir wollen von der Verwaltung erfahren, warum die Gr\u00fcne Welle auf der M\u00fclheimer Stra\u00dfe offenkundig so schlecht funktioniert und welche L\u00f6sungsm\u00f6glichkeiten die Verkehrsexperten vorschlagen&#8220;, k\u00fcndigt Manfred Flore an.<\/p>\n<p>Bereits im vergangenen Jahr ist die Stickoxid-Belastung entlang der Hauptverkehrsstra\u00dfe von 49 auf 46 Mikrogramm pro Kubikmeter gesunken, eine Optimierung des Verkehrsflusses durch eine entsprechende Ampelschaltung k\u00f6nnte zur weiteren Verbesserung der Situation beitragen.<\/p>\n","protected":false},"excerpt":{"rendered":"<p>&#8222;Dem Augenschein nach scheint eine Verringerung der Stickoxid-Belastung an der M\u00fclheimer Stra\u00dfe durch eine entsprechende Lenkung des Verkehrs mittels gr\u00fcner Welle nicht richtig zu funktionieren&#8220;, vermutet Manfred Flore, Umweltpolitischer Sprecher&hellip; <\/p>\n","protected":false},"author":1,"featured_media":0,"comment_status":"closed","ping_status":"closed","sticky":false,"template":"","format":"standard","meta":{"footnotes":""},"categories":[29],"tags":[1805,1803,1804,1718,1806],"quellen":[326],"class_list":["post-6034","post","type-post","status-publish","format-standard","hentry","category-umwelt","tag-ampelschaltung","tag-gruene-welle","tag-muelheimer-strasse","tag-stickoxide","tag-verkehrssteuerung","quellen-spd-fraktion-oberhausen"],"_links":{"self":[{"href":"https:\/\/meier-gerdingh.de\/wp-spd-ob\/wp-json\/wp\/v2\/posts\/6034","targetHints":{"allow":["GET"]}}],"collection":[{"href":"https:\/\/meier-gerdingh.de\/wp-spd-ob\/wp-json\/wp\/v2\/posts"}],"about":[{"href":"https:\/\/meier-gerdingh.de\/wp-spd-ob\/wp-json\/wp\/v2\/types\/post"}],"author":[{"embeddable":true,"href":"https:\/\/meier-gerdingh.de\/wp-spd-ob\/wp-json\/wp\/v2\/users\/1"}],"replies":[{"embeddable":true,"href":"https:\/\/meier-gerdingh.de\/wp-spd-ob\/wp-json\/wp\/v2\/comments?post=6034"}],"version-history":[{"count":0,"href":"https:\/\/meier-gerdingh.de\/wp-spd-ob\/wp-json\/wp\/v2\/posts\/6034\/revisions"}],"wp:attachment":[{"href":"https:\/\/meier-gerdingh.de\/wp-spd-ob\/wp-json\/wp\/v2\/media?parent=6034"}],"wp:term":[{"taxonomy":"category","embeddable":true,"href":"https:\/\/meier-gerdingh.de\/wp-spd-ob\/wp-json\/wp\/v2\/categories?post=6034"},{"taxonomy":"post_tag","embeddable":true,"href":"https:\/\/meier-gerdingh.de\/wp-spd-ob\/wp-json\/wp\/v2\/tags?post=6034"},{"taxonomy":"quellen","embeddable":true,"href":"https:\/\/meier-gerdingh.de\/wp-spd-ob\/wp-json\/wp\/v2\/quellen?post=6034"}],"curies":[{"name":"wp","href":"https:\/\/api.w.org\/{rel}","templated":true}]}}