{"id":6035,"date":"2019-01-18T16:07:08","date_gmt":"2019-01-18T15:07:08","guid":{"rendered":"https:\/\/meier-gerdingh.de\/wp-spd-ob\/?p=6035"},"modified":"2019-01-18T16:07:51","modified_gmt":"2019-01-18T15:07:51","slug":"sportstaettenfoerderung-auch-fuer-staedtische-anlagen","status":"publish","type":"post","link":"https:\/\/meier-gerdingh.de\/wp-spd-ob\/2019\/01\/18\/sportstaettenfoerderung-auch-fuer-staedtische-anlagen\/","title":{"rendered":"Sportst\u00e4ttenf\u00f6rderung auch f\u00fcr st\u00e4dtische Anlagen"},"content":{"rendered":"<div id=\"attachment_4242\" style=\"width: 150px\" class=\"wp-caption alignleft\"><a href=\"https:\/\/meier-gerdingh.de\/wp-spd-ob\/wp-content\/uploads\/2017\/05\/zimkeit_stefan_17.jpg\"><img aria-describedby=\"caption-attachment-4242\" decoding=\"async\" class=\"size-full wp-image-4242\" src=\"https:\/\/meier-gerdingh.de\/wp-spd-ob\/wp-content\/uploads\/2017\/05\/zimkeit_stefan_17.jpg\" alt=\"\" width=\"140\" height=\"192\" \/><\/a><p id=\"caption-attachment-4242\" class=\"wp-caption-text\">Stefan Zimkeit ist Landtagsabgeordneter f\u00fcr Oberhausen-Sterkrade und Dinslaken sowie haushalts- und finanzpolitischer Sprecher der SPD-Landtagsfraktion<\/p><\/div>\n<p>&#8222;Die Landesf\u00f6rdermittel f\u00fcr Sportst\u00e4tten d\u00fcrfen nicht an Oberhausener Vereinen vorbei flie\u00dfen&#8220;, kritisiert Stefan Zimkeit das Vorhaben der Landesregierung, ausschlie\u00dflich vereinseigene Sportanlagen zu f\u00f6rdern. Dies hatte Staatssekret\u00e4rin Andrea Milz in Oberhausen angek\u00fcndigt.<\/p>\n<p>&#8222;Wenn es dabei bleibt, dass st\u00e4dtische Sportanlagen ausgeschlossen werden, geht die gro\u00dfe Mehrheit der Oberhausener Vereine leer aus&#8220;, bef\u00fcrchtet Zimkeit. &#8222;Stattdessen ginge das Geld an Golfvereine in D\u00fcsseldorf oder Yachtvereine in Wesel.&#8220;<!--more--><\/p>\n<p>Deutlich werde dies an dem vom TBO-Vorsitzenden und CDU-Stadtverordneten Werner Nakot dargestellte Beispiel der Sporthalle, die der Turnerbund an die Stadt \u00fcbergeben hat. &#8222;Vor der \u00dcbergabe w\u00e4re die Anlage vom Land gef\u00f6rdert worden, nach der \u00dcbergabe geht dies nicht mehr, obwohl der Verein sie weiter nutzt. Das ist absurd&#8220;, betont Zimkeit.<\/p>\n<p>Auch eine Ausweitung des F\u00f6rderprogramms auf Vereine, die Anlagen langfristig gepachtet haben, wie sie nun im Gespr\u00e4ch sei, w\u00fcrde Oberhausen nur wenig nutzen. &#8222;Das betrifft nur eine Minderheit der Vereine&#8220;, sagt Stefan Zimkeit. St\u00e4dtische Sportst\u00e4tten an Vereine zu verpachten sei nicht sinnvoll, da dies sehr aufw\u00e4ndig ist. &#8222;Die Vereine m\u00fcssen von B\u00fcrokratie entlastet werden, statt sie zu belasten&#8220;, so Zimkeit.<\/p>\n<p>Der finanzpolitische Sprecher der SPD-Landtagsfraktion fordert die Landesregierung auf, ein F\u00f6rderprogramm zur Sanierung von Sportst\u00e4tten aufzulegen, das auch kommunale Sportanlagen einbezieht. &#8222;Dann haben alle Vereine in Oberhausen die Chance, davon zu profitieren&#8220;, unterstreicht Stefan Zimkeit.<\/p>\n","protected":false},"excerpt":{"rendered":"<p>&#8222;Die Landesf\u00f6rdermittel f\u00fcr Sportst\u00e4tten d\u00fcrfen nicht an Oberhausener Vereinen vorbei flie\u00dfen&#8220;, kritisiert Stefan Zimkeit das Vorhaben der Landesregierung, ausschlie\u00dflich vereinseigene Sportanlagen zu f\u00f6rdern. Dies hatte Staatssekret\u00e4rin Andrea Milz in Oberhausen&hellip; <\/p>\n","protected":false},"author":1,"featured_media":0,"comment_status":"closed","ping_status":"closed","sticky":false,"template":"","format":"standard","meta":{"footnotes":""},"categories":[216,47],"tags":[1470,1808,1809,1810,1642,323,1807],"quellen":[331],"class_list":["post-6035","post","type-post","status-publish","format-standard","hentry","category-land","category-sport","tag-sporthallen","tag-sportstaetten","tag-sportstaettenfoerderung","tag-sportstaettensanierung","tag-sportstaettensanierungsprogramm","tag-sportvereine","tag-turnerbund-oberhausen","quellen-mdl-stefan-zimkeit"],"_links":{"self":[{"href":"https:\/\/meier-gerdingh.de\/wp-spd-ob\/wp-json\/wp\/v2\/posts\/6035","targetHints":{"allow":["GET"]}}],"collection":[{"href":"https:\/\/meier-gerdingh.de\/wp-spd-ob\/wp-json\/wp\/v2\/posts"}],"about":[{"href":"https:\/\/meier-gerdingh.de\/wp-spd-ob\/wp-json\/wp\/v2\/types\/post"}],"author":[{"embeddable":true,"href":"https:\/\/meier-gerdingh.de\/wp-spd-ob\/wp-json\/wp\/v2\/users\/1"}],"replies":[{"embeddable":true,"href":"https:\/\/meier-gerdingh.de\/wp-spd-ob\/wp-json\/wp\/v2\/comments?post=6035"}],"version-history":[{"count":0,"href":"https:\/\/meier-gerdingh.de\/wp-spd-ob\/wp-json\/wp\/v2\/posts\/6035\/revisions"}],"wp:attachment":[{"href":"https:\/\/meier-gerdingh.de\/wp-spd-ob\/wp-json\/wp\/v2\/media?parent=6035"}],"wp:term":[{"taxonomy":"category","embeddable":true,"href":"https:\/\/meier-gerdingh.de\/wp-spd-ob\/wp-json\/wp\/v2\/categories?post=6035"},{"taxonomy":"post_tag","embeddable":true,"href":"https:\/\/meier-gerdingh.de\/wp-spd-ob\/wp-json\/wp\/v2\/tags?post=6035"},{"taxonomy":"quellen","embeddable":true,"href":"https:\/\/meier-gerdingh.de\/wp-spd-ob\/wp-json\/wp\/v2\/quellen?post=6035"}],"curies":[{"name":"wp","href":"https:\/\/api.w.org\/{rel}","templated":true}]}}