{"id":6047,"date":"2019-02-03T13:01:54","date_gmt":"2019-02-03T12:01:54","guid":{"rendered":"https:\/\/meier-gerdingh.de\/wp-spd-ob\/?p=6047"},"modified":"2019-02-03T15:10:38","modified_gmt":"2019-02-03T14:10:38","slug":"oberhausens-sozialdemokraten-gedenken-luise-albertz","status":"publish","type":"post","link":"https:\/\/meier-gerdingh.de\/wp-spd-ob\/2019\/02\/03\/oberhausens-sozialdemokraten-gedenken-luise-albertz\/","title":{"rendered":"Oberhausens Sozialdemokraten gedenken Luise Albertz"},"content":{"rendered":"<div id=\"attachment_6081\" style=\"width: 730px\" class=\"wp-caption aligncenter\"><a href=\"https:\/\/meier-gerdingh.de\/wp-spd-ob\/wp-content\/uploads\/2019\/02\/40er-todestag-luise-albertz-lg.jpg\"><img aria-describedby=\"caption-attachment-6081\" decoding=\"async\" class=\"size-full wp-image-6081\" src=\"https:\/\/meier-gerdingh.de\/wp-spd-ob\/wp-content\/uploads\/2019\/02\/40er-todestag-luise-albertz.jpg\" alt=\"\" width=\"720\" height=\"479\" srcset=\"https:\/\/meier-gerdingh.de\/wp-spd-ob\/wp-content\/uploads\/2019\/02\/40er-todestag-luise-albertz.jpg 720w, https:\/\/meier-gerdingh.de\/wp-spd-ob\/wp-content\/uploads\/2019\/02\/40er-todestag-luise-albertz-300x200.jpg 300w\" sizes=\"(max-width: 720px) 100vw, 720px\" \/><\/a><p id=\"caption-attachment-6081\" class=\"wp-caption-text\">Kranzniederlegung auf dem Westfriedhof anl\u00e4sslich des 40. Todestages von Luise Albertz. Die Spitzen von Partei und Fraktion der Oberhausener SPD gedachten am heutigen Sonntag der unvergessenen &#8222;Mutter Courage&#8220; des Ruhrgebiets. Von links: Alt-Oberb\u00fcrgermeister Friedhelm van den Mond, MdL Stefan Zimkeit, Oberhausens SPD-Chef und MdB Dirk V\u00f6pel, die stellvertretende Vorsitzende der SPD-Ratsfraktion Kirsten Oberste-Kleinbeck, Osterfelds Bezirksb\u00fcrgermeister Thomas Krey, SPD-Fraktionschef Wolfgang Gro\u00dfe Br\u00f6mer und der stellvertretende SPD-Vorsitzende Dr. J\u00f6rg Schr\u00f6er.<\/p><\/div>\n<div id=\"attachment_6048\" style=\"width: 230px\" class=\"wp-caption alignleft\"><a href=\"https:\/\/meier-gerdingh.de\/wp-spd-ob\/wp-content\/uploads\/2019\/01\/luise_albertz.jpg\"><img aria-describedby=\"caption-attachment-6048\" decoding=\"async\" class=\"size-full wp-image-6048\" src=\"https:\/\/meier-gerdingh.de\/wp-spd-ob\/wp-content\/uploads\/2019\/01\/luise_albertz.jpg\" alt=\"\" width=\"220\" height=\"323\" srcset=\"https:\/\/meier-gerdingh.de\/wp-spd-ob\/wp-content\/uploads\/2019\/01\/luise_albertz.jpg 220w, https:\/\/meier-gerdingh.de\/wp-spd-ob\/wp-content\/uploads\/2019\/01\/luise_albertz-204x300.jpg 204w\" sizes=\"(max-width: 220px) 100vw, 220px\" \/><\/a><p id=\"caption-attachment-6048\" class=\"wp-caption-text\">Luise Albertz | 22.01.1901-01.02.1979<\/p><\/div>\n<p><em>Anl\u00e4sslich ihres 40. Todestages am Freitag, 1.\u00a0Februar, erinnern der SPD-Unterbezirk und die Fraktion im Rat der Stadt an die langj\u00e4hrige Oberb\u00fcrgermeisterin und Bundestagsabgeordnete Luise Albertz.<\/em><\/p>\n<p>Als &#8222;Mutter Courage des Ruhrgebiets&#8220; war sie einst bezeichnet worden, sie galt als eine der bekanntesten SPD-Politikerinnen im Deutschland der Nachkriegszeit. Vor 40 Jahren verstarb Oberhausens Oberb\u00fcrgermeisterin Luise Albertz im Alter von 77 Jahren. Die Tochter des von den Nazis ermordeten sozialdemokratischen Reichstagsabgeordneten Hermann Albertz hat Oberhausen gepr\u00e4gt in den harten Jahren der Nachkriegszeit, in der schwierigen Zeit der Kohle- und Stahlkrise. &#8222;Diese Stadt zu einer Heimat zu machen f\u00fcr alle, die hier leben, darin sehe ich meine vordringlichste Aufgabe&#8220;, so hatte es Luise Albertz einst formuliert. Sie hat sie mehr als erf\u00fcllt.<\/p>\n\t\t\t<style>\r\n                #foogallery-gallery-6054.fg-masonry .fg-item {\r\n                    width: 150px;\r\n                    margin-right: 10px;\r\n                    margin-bottom: 10px;\r\n                }\r\n\t\t\t<\/style>\r\n\t\t\t<div class=\"foogallery foogallery-container foogallery-masonry foogallery-lightbox-foobox fg-center fg-masonry fg-light fg-border-thin fg-shadow-outline fg-loading-default fg-loaded-fade-in fg-caption-hover fg-hover-fade fg-hover-zoom fg-ready fg-fixed\" id=\"foogallery-gallery-6054\" data-foogallery=\"{&quot;item&quot;:{&quot;showCaptionTitle&quot;:true,&quot;showCaptionDescription&quot;:true},&quot;lazy&quot;:true,&quot;shortpixel&quot;:true,&quot;template&quot;:{&quot;columnWidth&quot;:150,&quot;gutter&quot;:10}}\" >\r\n\t\t<div class=\"fg-item fg-type-image fg-idle\"><figure class=\"fg-item-inner\"><a href=\"https:\/\/cdn.shortpixel.ai\/client\/q_lossy,ret_wait,to_webp\/https:\/\/meier-gerdingh.de\/wp-spd-ob\/wp-content\/uploads\/2019\/02\/la-00-luise_albertz.jpg\" data-caption-title=\"Luise Albertz | 22.01.1901 &amp;nbsp; - &amp;nbsp;01.02.1979\" data-attachment-id=\"6055\" data-spai-upd=\"1\" data-type=\"image\" class=\"fg-thumb\"><span class=\"fg-image-wrap\"><img title=\"Luise Albertz | 22.01.1901 &amp;nbsp; - &amp;nbsp;01.02.1979\" width=\"150\" height=\"220\" class=\"skip-lazy fg-image\" data-no-lazy=\"1\" data-src-fg=\"https:\/\/cdn.shortpixel.ai\/client\/w_150,q_lossy,ret_wait,to_webp\/https:\/\/meier-gerdingh.de\/wp-spd-ob\/wp-content\/uploads\/2019\/02\/la-00-luise_albertz.jpg\" src=\"data:image\/svg+xml,%3Csvg%20xmlns%3D%22http%3A%2F%2Fwww.w3.org%2F2000%2Fsvg%22%20width%3D%22150%22%20height%3D%22220%22%20viewBox%3D%220%200%20150%20220%22%3E%3C%2Fsvg%3E\" loading=\"eager\"><\/span><span class=\"fg-image-overlay\"><\/span><\/a><figcaption class=\"fg-caption\"><div class=\"fg-caption-inner\"><div class=\"fg-caption-title\">Luise Albertz | 22.01.1901 &nbsp; - &nbsp;01.02.1979<\/div><\/div><\/figcaption><\/figure><div class=\"fg-loader\"><\/div><\/div><div class=\"fg-item fg-type-image fg-idle\"><figure class=\"fg-item-inner\"><a href=\"https:\/\/cdn.shortpixel.ai\/client\/q_lossy,ret_wait,to_webp\/https:\/\/meier-gerdingh.de\/wp-spd-ob\/wp-content\/uploads\/2019\/02\/la-00-rede-1.jpg\" data-caption-title=\"&quot;Das moralisch Richtige kann niemals das politisch Falsche sein.&quot; Rede von Luise Albertz anl\u00e4sslich ihrer erstmaligen Wahl zur Oberb\u00fcrgermeisterin der Stadt Oberhausen 1946\" data-attachment-id=\"6056\" data-spai-upd=\"1\" data-type=\"image\" class=\"fg-thumb\"><span class=\"fg-image-wrap\"><img title=\"&quot;Das moralisch Richtige kann niemals das politisch Falsche sein.&quot; Rede von Luise Albertz anl\u00e4sslich ihrer erstmaligen Wahl zur Oberb\u00fcrgermeisterin der Stadt Oberhausen 1946\" width=\"150\" height=\"219\" class=\"skip-lazy fg-image\" data-no-lazy=\"1\" data-src-fg=\"https:\/\/cdn.shortpixel.ai\/client\/w_150,q_lossy,ret_wait,to_webp\/https:\/\/meier-gerdingh.de\/wp-spd-ob\/wp-content\/uploads\/2019\/02\/la-00-rede-1.jpg\" src=\"data:image\/svg+xml,%3Csvg%20xmlns%3D%22http%3A%2F%2Fwww.w3.org%2F2000%2Fsvg%22%20width%3D%22150%22%20height%3D%22219%22%20viewBox%3D%220%200%20150%20219%22%3E%3C%2Fsvg%3E\" loading=\"eager\"><\/span><span class=\"fg-image-overlay\"><\/span><\/a><figcaption class=\"fg-caption\"><div class=\"fg-caption-inner\"><div class=\"fg-caption-title\">\"Das moralisch Richtige kann niemals das politisch Falsche sein.\" Rede von Luise Albertz anl\u00e4sslich ihrer erstmaligen Wahl zur Oberb\u00fcrgermeisterin der Stadt Oberhausen 1946<\/div><\/div><\/figcaption><\/figure><div class=\"fg-loader\"><\/div><\/div><div class=\"fg-item fg-type-image fg-idle\"><figure class=\"fg-item-inner\"><a href=\"https:\/\/cdn.shortpixel.ai\/client\/q_lossy,ret_wait,to_webp\/https:\/\/meier-gerdingh.de\/wp-spd-ob\/wp-content\/uploads\/2019\/02\/la-00-rede-2.jpg\" data-caption-title=\"&quot;Das moralisch Richtige kann niemals das politisch Falsche sein.&quot; Rede von Luise Albertz anl\u00e4sslich ihrer erstmaligen Wahl zur Oberb\u00fcrgermeisterin der Stadt Oberhausen 1946\" data-attachment-id=\"6057\" data-spai-upd=\"1\" data-type=\"image\" class=\"fg-thumb\"><span class=\"fg-image-wrap\"><img title=\"&quot;Das moralisch Richtige kann niemals das politisch Falsche sein.&quot; Rede von Luise Albertz anl\u00e4sslich ihrer erstmaligen Wahl zur Oberb\u00fcrgermeisterin der Stadt Oberhausen 1946\" width=\"150\" height=\"219\" class=\"skip-lazy fg-image\" data-no-lazy=\"1\" data-src-fg=\"https:\/\/cdn.shortpixel.ai\/client\/w_150,q_lossy,ret_wait,to_webp\/https:\/\/meier-gerdingh.de\/wp-spd-ob\/wp-content\/uploads\/2019\/02\/la-00-rede-2.jpg\" src=\"data:image\/svg+xml,%3Csvg%20xmlns%3D%22http%3A%2F%2Fwww.w3.org%2F2000%2Fsvg%22%20width%3D%22150%22%20height%3D%22219%22%20viewBox%3D%220%200%20150%20219%22%3E%3C%2Fsvg%3E\" loading=\"eager\"><\/span><span class=\"fg-image-overlay\"><\/span><\/a><figcaption class=\"fg-caption\"><div class=\"fg-caption-inner\"><div class=\"fg-caption-title\">\"Das moralisch Richtige kann niemals das politisch Falsche sein.\" Rede von Luise Albertz anl\u00e4sslich ihrer erstmaligen Wahl zur Oberb\u00fcrgermeisterin der Stadt Oberhausen 1946<\/div><\/div><\/figcaption><\/figure><div class=\"fg-loader\"><\/div><\/div><div class=\"fg-item fg-type-image fg-idle\"><figure class=\"fg-item-inner\"><a href=\"https:\/\/cdn.shortpixel.ai\/client\/q_lossy,ret_wait,to_webp\/https:\/\/meier-gerdingh.de\/wp-spd-ob\/wp-content\/uploads\/2019\/02\/la-01-elsaesser.jpg\" data-caption-title=\"Immer in der ersten Reihe, wenn es um Oberhausen ging: Mit Weggef\u00e4hrten auf der Els\u00e4sser Stra\u00dfe in den 60er Jahren\" data-attachment-id=\"6058\" data-spai-upd=\"1\" data-type=\"image\" class=\"fg-thumb\"><span class=\"fg-image-wrap\"><img title=\"Immer in der ersten Reihe, wenn es um Oberhausen ging: Mit Weggef\u00e4hrten auf der Els\u00e4sser Stra\u00dfe in den 60er Jahren\" width=\"150\" height=\"79\" class=\"skip-lazy fg-image\" data-no-lazy=\"1\" data-src-fg=\"https:\/\/cdn.shortpixel.ai\/client\/w_150,q_lossy,ret_wait,to_webp\/https:\/\/meier-gerdingh.de\/wp-spd-ob\/wp-content\/uploads\/2019\/02\/la-01-elsaesser.jpg\" src=\"data:image\/svg+xml,%3Csvg%20xmlns%3D%22http%3A%2F%2Fwww.w3.org%2F2000%2Fsvg%22%20width%3D%22150%22%20height%3D%2279%22%20viewBox%3D%220%200%20150%2079%22%3E%3C%2Fsvg%3E\" loading=\"eager\"><\/span><span class=\"fg-image-overlay\"><\/span><\/a><figcaption class=\"fg-caption\"><div class=\"fg-caption-inner\"><div class=\"fg-caption-title\">Immer in der ersten Reihe, wenn es um Oberhausen ging: Mit Weggef\u00e4hrten auf der Els\u00e4sser Stra\u00dfe in den 60er Jahren<\/div><\/div><\/figcaption><\/figure><div class=\"fg-loader\"><\/div><\/div><div class=\"fg-item fg-type-image fg-idle\"><figure class=\"fg-item-inner\"><a href=\"https:\/\/cdn.shortpixel.ai\/client\/q_lossy,ret_wait,to_webp\/https:\/\/meier-gerdingh.de\/wp-spd-ob\/wp-content\/uploads\/2019\/02\/la-02-willy-brandt-1.jpg\" data-caption-title=\"Luise Albertz mit Willy Brandt in der im Bau befindlichen Stadthalle, die heute ihren Namen tr\u00e4gt\" data-attachment-id=\"6059\" data-spai-upd=\"1\" data-type=\"image\" class=\"fg-thumb\"><span class=\"fg-image-wrap\"><img title=\"Luise Albertz mit Willy Brandt in der im Bau befindlichen Stadthalle, die heute ihren Namen tr\u00e4gt\" width=\"150\" height=\"166\" class=\"skip-lazy fg-image\" data-no-lazy=\"1\" data-src-fg=\"https:\/\/cdn.shortpixel.ai\/client\/w_150,q_lossy,ret_wait,to_webp\/https:\/\/meier-gerdingh.de\/wp-spd-ob\/wp-content\/uploads\/2019\/02\/la-02-willy-brandt-1.jpg\" src=\"data:image\/svg+xml,%3Csvg%20xmlns%3D%22http%3A%2F%2Fwww.w3.org%2F2000%2Fsvg%22%20width%3D%22150%22%20height%3D%22166%22%20viewBox%3D%220%200%20150%20166%22%3E%3C%2Fsvg%3E\" loading=\"eager\"><\/span><span class=\"fg-image-overlay\"><\/span><\/a><figcaption class=\"fg-caption\"><div class=\"fg-caption-inner\"><div class=\"fg-caption-title\">Luise Albertz mit Willy Brandt in der im Bau befindlichen Stadthalle, die heute ihren Namen tr\u00e4gt<\/div><\/div><\/figcaption><\/figure><div class=\"fg-loader\"><\/div><\/div><div class=\"fg-item fg-type-image fg-idle\"><figure class=\"fg-item-inner\"><a href=\"https:\/\/cdn.shortpixel.ai\/client\/q_lossy,ret_wait,to_webp\/https:\/\/meier-gerdingh.de\/wp-spd-ob\/wp-content\/uploads\/2019\/02\/la-03-grubenfahrt.jpg\" data-caption-title=\"Auf Grubenfahrt\" data-attachment-id=\"6060\" data-spai-upd=\"1\" data-type=\"image\" class=\"fg-thumb\"><span class=\"fg-image-wrap\"><img title=\"Auf Grubenfahrt\" width=\"150\" height=\"222\" class=\"skip-lazy fg-image\" data-no-lazy=\"1\" data-src-fg=\"https:\/\/cdn.shortpixel.ai\/client\/w_150,q_lossy,ret_wait,to_webp\/https:\/\/meier-gerdingh.de\/wp-spd-ob\/wp-content\/uploads\/2019\/02\/la-03-grubenfahrt.jpg\" src=\"data:image\/svg+xml,%3Csvg%20xmlns%3D%22http%3A%2F%2Fwww.w3.org%2F2000%2Fsvg%22%20width%3D%22150%22%20height%3D%22222%22%20viewBox%3D%220%200%20150%20222%22%3E%3C%2Fsvg%3E\" loading=\"eager\"><\/span><span class=\"fg-image-overlay\"><\/span><\/a><figcaption class=\"fg-caption\"><div class=\"fg-caption-inner\"><div class=\"fg-caption-title\">Auf Grubenfahrt<\/div><\/div><\/figcaption><\/figure><div class=\"fg-loader\"><\/div><\/div><div class=\"fg-item fg-type-image fg-idle\"><figure class=\"fg-item-inner\"><a href=\"https:\/\/cdn.shortpixel.ai\/client\/q_lossy,ret_wait,to_webp\/https:\/\/meier-gerdingh.de\/wp-spd-ob\/wp-content\/uploads\/2019\/02\/la-04-100-jahre-ob.jpg\" data-caption-title=\"1962: Festakt im Ratssaal zum 100. Geburtstag der Stadt Oberhausen\" data-attachment-id=\"6061\" data-spai-upd=\"1\" data-type=\"image\" class=\"fg-thumb\"><span class=\"fg-image-wrap\"><img title=\"1962: Festakt im Ratssaal zum 100. Geburtstag der Stadt Oberhausen\" width=\"150\" height=\"93\" class=\"skip-lazy fg-image\" data-no-lazy=\"1\" data-src-fg=\"https:\/\/cdn.shortpixel.ai\/client\/w_150,q_lossy,ret_wait,to_webp\/https:\/\/meier-gerdingh.de\/wp-spd-ob\/wp-content\/uploads\/2019\/02\/la-04-100-jahre-ob.jpg\" src=\"data:image\/svg+xml,%3Csvg%20xmlns%3D%22http%3A%2F%2Fwww.w3.org%2F2000%2Fsvg%22%20width%3D%22150%22%20height%3D%2293%22%20viewBox%3D%220%200%20150%2093%22%3E%3C%2Fsvg%3E\" loading=\"eager\"><\/span><span class=\"fg-image-overlay\"><\/span><\/a><figcaption class=\"fg-caption\"><div class=\"fg-caption-inner\"><div class=\"fg-caption-title\">1962: Festakt im Ratssaal zum 100. Geburtstag der Stadt Oberhausen<\/div><\/div><\/figcaption><\/figure><div class=\"fg-loader\"><\/div><\/div><div class=\"fg-item fg-type-image fg-idle\"><figure class=\"fg-item-inner\"><a href=\"https:\/\/cdn.shortpixel.ai\/client\/q_lossy,ret_wait,to_webp\/https:\/\/meier-gerdingh.de\/wp-spd-ob\/wp-content\/uploads\/2019\/02\/la-05-kaffeerunde.jpg\" data-caption-title=\"Bundestagswahlkampf 1961\" data-attachment-id=\"6062\" data-spai-upd=\"1\" data-type=\"image\" class=\"fg-thumb\"><span class=\"fg-image-wrap\"><img title=\"Bundestagswahlkampf 1961\" width=\"150\" height=\"112\" class=\"skip-lazy fg-image\" data-no-lazy=\"1\" data-src-fg=\"https:\/\/cdn.shortpixel.ai\/client\/w_150,q_lossy,ret_wait,to_webp\/https:\/\/meier-gerdingh.de\/wp-spd-ob\/wp-content\/uploads\/2019\/02\/la-05-kaffeerunde.jpg\" src=\"data:image\/svg+xml,%3Csvg%20xmlns%3D%22http%3A%2F%2Fwww.w3.org%2F2000%2Fsvg%22%20width%3D%22150%22%20height%3D%22112%22%20viewBox%3D%220%200%20150%20112%22%3E%3C%2Fsvg%3E\" loading=\"eager\"><\/span><span class=\"fg-image-overlay\"><\/span><\/a><figcaption class=\"fg-caption\"><div class=\"fg-caption-inner\"><div class=\"fg-caption-title\">Bundestagswahlkampf 1961<\/div><\/div><\/figcaption><\/figure><div class=\"fg-loader\"><\/div><\/div><div class=\"fg-item fg-type-image fg-idle\"><figure class=\"fg-item-inner\"><a href=\"https:\/\/cdn.shortpixel.ai\/client\/q_lossy,ret_wait,to_webp\/https:\/\/meier-gerdingh.de\/wp-spd-ob\/wp-content\/uploads\/2019\/02\/la-06-heinz-kuehn.jpg\" data-caption-title=\"Mit Heinz K\u00fchn, Ministerpr\u00e4sident von Nordrhein-Westfalen\" data-attachment-id=\"6063\" data-spai-upd=\"1\" data-type=\"image\" class=\"fg-thumb\"><span class=\"fg-image-wrap\"><img title=\"Mit Heinz K\u00fchn, Ministerpr\u00e4sident von Nordrhein-Westfalen\" width=\"150\" height=\"146\" class=\"skip-lazy fg-image\" data-no-lazy=\"1\" data-src-fg=\"https:\/\/cdn.shortpixel.ai\/client\/w_150,q_lossy,ret_wait,to_webp\/https:\/\/meier-gerdingh.de\/wp-spd-ob\/wp-content\/uploads\/2019\/02\/la-06-heinz-kuehn.jpg\" src=\"data:image\/svg+xml,%3Csvg%20xmlns%3D%22http%3A%2F%2Fwww.w3.org%2F2000%2Fsvg%22%20width%3D%22150%22%20height%3D%22146%22%20viewBox%3D%220%200%20150%20146%22%3E%3C%2Fsvg%3E\" loading=\"eager\"><\/span><span class=\"fg-image-overlay\"><\/span><\/a><figcaption class=\"fg-caption\"><div class=\"fg-caption-inner\"><div class=\"fg-caption-title\">Mit Heinz K\u00fchn, Ministerpr\u00e4sident von Nordrhein-Westfalen<\/div><\/div><\/figcaption><\/figure><div class=\"fg-loader\"><\/div><\/div><div class=\"fg-item fg-type-image fg-idle\"><figure class=\"fg-item-inner\"><a href=\"https:\/\/cdn.shortpixel.ai\/client\/q_lossy,ret_wait,to_webp\/https:\/\/meier-gerdingh.de\/wp-spd-ob\/wp-content\/uploads\/2019\/02\/la-07-wahlkampf-willy-brandt.jpg\" data-caption-title=\"Auftritt von Bundeskanzler Willy Brandt bei einer Gro\u00dfkundgebung der Oberhausener SPD im Bundestagswahlkampf 1972\" data-attachment-id=\"6064\" data-spai-upd=\"1\" data-type=\"image\" class=\"fg-thumb\"><span class=\"fg-image-wrap\"><img title=\"Auftritt von Bundeskanzler Willy Brandt bei einer Gro\u00dfkundgebung der Oberhausener SPD im Bundestagswahlkampf 1972\" width=\"150\" height=\"108\" class=\"skip-lazy fg-image\" data-no-lazy=\"1\" data-src-fg=\"https:\/\/cdn.shortpixel.ai\/client\/w_150,q_lossy,ret_wait,to_webp\/https:\/\/meier-gerdingh.de\/wp-spd-ob\/wp-content\/uploads\/2019\/02\/la-07-wahlkampf-willy-brandt.jpg\" src=\"data:image\/svg+xml,%3Csvg%20xmlns%3D%22http%3A%2F%2Fwww.w3.org%2F2000%2Fsvg%22%20width%3D%22150%22%20height%3D%22108%22%20viewBox%3D%220%200%20150%20108%22%3E%3C%2Fsvg%3E\" loading=\"eager\"><\/span><span class=\"fg-image-overlay\"><\/span><\/a><figcaption class=\"fg-caption\"><div class=\"fg-caption-inner\"><div class=\"fg-caption-title\">Auftritt von Bundeskanzler Willy Brandt bei einer Gro\u00dfkundgebung der Oberhausener SPD im Bundestagswahlkampf 1972<\/div><\/div><\/figcaption><\/figure><div class=\"fg-loader\"><\/div><\/div><div class=\"fg-item fg-type-image fg-idle\"><figure class=\"fg-item-inner\"><a href=\"https:\/\/cdn.shortpixel.ai\/client\/q_lossy,ret_wait,to_webp\/https:\/\/meier-gerdingh.de\/wp-spd-ob\/wp-content\/uploads\/2019\/02\/la-08-spd-kommunalkonferenz.jpg\" data-caption-title=\"Auf einer kommunalpolitischen Bundeskonferenz der SPD\" data-attachment-id=\"6065\" data-spai-upd=\"1\" data-type=\"image\" class=\"fg-thumb\"><span class=\"fg-image-wrap\"><img title=\"Auf einer kommunalpolitischen Bundeskonferenz der SPD\" width=\"150\" height=\"104\" class=\"skip-lazy fg-image\" data-no-lazy=\"1\" data-src-fg=\"https:\/\/cdn.shortpixel.ai\/client\/w_150,q_lossy,ret_wait,to_webp\/https:\/\/meier-gerdingh.de\/wp-spd-ob\/wp-content\/uploads\/2019\/02\/la-08-spd-kommunalkonferenz.jpg\" src=\"data:image\/svg+xml,%3Csvg%20xmlns%3D%22http%3A%2F%2Fwww.w3.org%2F2000%2Fsvg%22%20width%3D%22150%22%20height%3D%22104%22%20viewBox%3D%220%200%20150%20104%22%3E%3C%2Fsvg%3E\" loading=\"eager\"><\/span><span class=\"fg-image-overlay\"><\/span><\/a><figcaption class=\"fg-caption\"><div class=\"fg-caption-inner\"><div class=\"fg-caption-title\">Auf einer kommunalpolitischen Bundeskonferenz der SPD<\/div><\/div><\/figcaption><\/figure><div class=\"fg-loader\"><\/div><\/div><div class=\"fg-item fg-type-image fg-idle\"><figure class=\"fg-item-inner\"><a href=\"https:\/\/cdn.shortpixel.ai\/client\/q_lossy,ret_wait,to_webp\/https:\/\/meier-gerdingh.de\/wp-spd-ob\/wp-content\/uploads\/2019\/02\/la-09-helmut-schmidt.jpg\" data-caption-title=\"Im Gespr\u00e4ch mit Bundeskanzler Helmut Schmidt\" data-attachment-id=\"6066\" data-spai-upd=\"1\" data-type=\"image\" class=\"fg-thumb\"><span class=\"fg-image-wrap\"><img title=\"Im Gespr\u00e4ch mit Bundeskanzler Helmut Schmidt\" width=\"150\" height=\"99\" class=\"skip-lazy fg-image\" data-no-lazy=\"1\" data-src-fg=\"https:\/\/cdn.shortpixel.ai\/client\/w_150,q_lossy,ret_wait,to_webp\/https:\/\/meier-gerdingh.de\/wp-spd-ob\/wp-content\/uploads\/2019\/02\/la-09-helmut-schmidt.jpg\" src=\"data:image\/svg+xml,%3Csvg%20xmlns%3D%22http%3A%2F%2Fwww.w3.org%2F2000%2Fsvg%22%20width%3D%22150%22%20height%3D%2299%22%20viewBox%3D%220%200%20150%2099%22%3E%3C%2Fsvg%3E\" loading=\"eager\"><\/span><span class=\"fg-image-overlay\"><\/span><\/a><figcaption class=\"fg-caption\"><div class=\"fg-caption-inner\"><div class=\"fg-caption-title\">Im Gespr\u00e4ch mit Bundeskanzler Helmut Schmidt<\/div><\/div><\/figcaption><\/figure><div class=\"fg-loader\"><\/div><\/div><div class=\"fg-item fg-type-image fg-idle\"><figure class=\"fg-item-inner\"><a href=\"https:\/\/cdn.shortpixel.ai\/client\/q_lossy,ret_wait,to_webp\/https:\/\/meier-gerdingh.de\/wp-spd-ob\/wp-content\/uploads\/2019\/02\/la-10-van-den-mond-meinicke.jpg\" data-caption-title=\"Die erste Reihe der SPD-Ratsfraktion: Friedhelm van den Mond, Willi Meinicke und Luise Albertz bei einer Ratssitzung in den 70er Jahren\" data-attachment-id=\"6067\" data-spai-upd=\"1\" data-type=\"image\" class=\"fg-thumb\"><span class=\"fg-image-wrap\"><img title=\"Die erste Reihe der SPD-Ratsfraktion: Friedhelm van den Mond, Willi Meinicke und Luise Albertz bei einer Ratssitzung in den 70er Jahren\" width=\"150\" height=\"79\" class=\"skip-lazy fg-image\" data-no-lazy=\"1\" data-src-fg=\"https:\/\/cdn.shortpixel.ai\/client\/w_150,q_lossy,ret_wait,to_webp\/https:\/\/meier-gerdingh.de\/wp-spd-ob\/wp-content\/uploads\/2019\/02\/la-10-van-den-mond-meinicke.jpg\" src=\"data:image\/svg+xml,%3Csvg%20xmlns%3D%22http%3A%2F%2Fwww.w3.org%2F2000%2Fsvg%22%20width%3D%22150%22%20height%3D%2279%22%20viewBox%3D%220%200%20150%2079%22%3E%3C%2Fsvg%3E\" loading=\"eager\"><\/span><span class=\"fg-image-overlay\"><\/span><\/a><figcaption class=\"fg-caption\"><div class=\"fg-caption-inner\"><div class=\"fg-caption-title\">Die erste Reihe der SPD-Ratsfraktion: Friedhelm van den Mond, Willi Meinicke und Luise Albertz bei einer Ratssitzung in den 70er Jahren<\/div><\/div><\/figcaption><\/figure><div class=\"fg-loader\"><\/div><\/div><div class=\"fg-item fg-type-image fg-idle\"><figure class=\"fg-item-inner\"><a href=\"https:\/\/cdn.shortpixel.ai\/client\/q_lossy,ret_wait,to_webp\/https:\/\/meier-gerdingh.de\/wp-spd-ob\/wp-content\/uploads\/2019\/02\/la-11-zeitung.jpg\" data-caption-title=\"&quot;Unsere Luise&quot; ist tot\" data-attachment-id=\"6068\" data-spai-upd=\"1\" data-type=\"image\" class=\"fg-thumb\"><span class=\"fg-image-wrap\"><img title=\"&quot;Unsere Luise&quot; ist tot\" width=\"150\" height=\"228\" class=\"skip-lazy fg-image\" data-no-lazy=\"1\" data-src-fg=\"https:\/\/cdn.shortpixel.ai\/client\/w_150,q_lossy,ret_wait,to_webp\/https:\/\/meier-gerdingh.de\/wp-spd-ob\/wp-content\/uploads\/2019\/02\/la-11-zeitung.jpg\" src=\"data:image\/svg+xml,%3Csvg%20xmlns%3D%22http%3A%2F%2Fwww.w3.org%2F2000%2Fsvg%22%20width%3D%22150%22%20height%3D%22228%22%20viewBox%3D%220%200%20150%20228%22%3E%3C%2Fsvg%3E\" loading=\"eager\"><\/span><span class=\"fg-image-overlay\"><\/span><\/a><figcaption class=\"fg-caption\"><div class=\"fg-caption-inner\"><div class=\"fg-caption-title\">\"Unsere Luise\" ist tot<\/div><\/div><\/figcaption><\/figure><div class=\"fg-loader\"><\/div><\/div><div class=\"fg-item fg-type-image fg-idle\"><figure class=\"fg-item-inner\"><a href=\"https:\/\/cdn.shortpixel.ai\/client\/q_lossy,ret_wait,to_webp\/https:\/\/meier-gerdingh.de\/wp-spd-ob\/wp-content\/uploads\/2019\/02\/la-12-zeitung.jpg\" data-caption-title=\"Die Stadt trauert um Luise Albertz\" data-attachment-id=\"6069\" data-spai-upd=\"1\" data-type=\"image\" class=\"fg-thumb\"><span class=\"fg-image-wrap\"><img title=\"Die Stadt trauert um Luise Albertz\" width=\"150\" height=\"283\" class=\"skip-lazy fg-image\" data-no-lazy=\"1\" data-src-fg=\"https:\/\/cdn.shortpixel.ai\/client\/w_150,q_lossy,ret_wait,to_webp\/https:\/\/meier-gerdingh.de\/wp-spd-ob\/wp-content\/uploads\/2019\/02\/la-12-zeitung.jpg\" src=\"data:image\/svg+xml,%3Csvg%20xmlns%3D%22http%3A%2F%2Fwww.w3.org%2F2000%2Fsvg%22%20width%3D%22150%22%20height%3D%22283%22%20viewBox%3D%220%200%20150%20283%22%3E%3C%2Fsvg%3E\" loading=\"eager\"><\/span><span class=\"fg-image-overlay\"><\/span><\/a><figcaption class=\"fg-caption\"><div class=\"fg-caption-inner\"><div class=\"fg-caption-title\">Die Stadt trauert um Luise Albertz<\/div><\/div><\/figcaption><\/figure><div class=\"fg-loader\"><\/div><\/div><div class=\"fg-item fg-type-image fg-idle\"><figure class=\"fg-item-inner\"><a href=\"https:\/\/cdn.shortpixel.ai\/client\/q_lossy,ret_wait,to_webp\/https:\/\/meier-gerdingh.de\/wp-spd-ob\/wp-content\/uploads\/2019\/02\/la-13-zeitung.jpg\" data-caption-title=\"Luise Albertz gestorben\" data-attachment-id=\"6070\" data-spai-upd=\"1\" data-type=\"image\" class=\"fg-thumb\"><span class=\"fg-image-wrap\"><img title=\"Luise Albertz gestorben\" width=\"150\" height=\"518\" class=\"skip-lazy fg-image\" data-no-lazy=\"1\" data-src-fg=\"https:\/\/cdn.shortpixel.ai\/client\/w_150,q_lossy,ret_wait,to_webp\/https:\/\/meier-gerdingh.de\/wp-spd-ob\/wp-content\/uploads\/2019\/02\/la-13-zeitung.jpg\" src=\"data:image\/svg+xml,%3Csvg%20xmlns%3D%22http%3A%2F%2Fwww.w3.org%2F2000%2Fsvg%22%20width%3D%22150%22%20height%3D%22518%22%20viewBox%3D%220%200%20150%20518%22%3E%3C%2Fsvg%3E\" loading=\"eager\"><\/span><span class=\"fg-image-overlay\"><\/span><\/a><figcaption class=\"fg-caption\"><div class=\"fg-caption-inner\"><div class=\"fg-caption-title\">Luise Albertz gestorben<\/div><\/div><\/figcaption><\/figure><div class=\"fg-loader\"><\/div><\/div><div class=\"fg-item fg-type-image fg-idle\"><figure class=\"fg-item-inner\"><a href=\"https:\/\/cdn.shortpixel.ai\/client\/q_lossy,ret_wait,to_webp\/https:\/\/meier-gerdingh.de\/wp-spd-ob\/wp-content\/uploads\/2019\/02\/la-14-todesanzeige.jpg\" data-caption-title=\"Die Todesanzeigen\" data-attachment-id=\"6071\" data-spai-upd=\"1\" data-type=\"image\" class=\"fg-thumb\"><span class=\"fg-image-wrap\"><img title=\"Die Todesanzeigen\" width=\"150\" height=\"206\" class=\"skip-lazy fg-image\" data-no-lazy=\"1\" data-src-fg=\"https:\/\/cdn.shortpixel.ai\/client\/w_150,q_lossy,ret_wait,to_webp\/https:\/\/meier-gerdingh.de\/wp-spd-ob\/wp-content\/uploads\/2019\/02\/la-14-todesanzeige.jpg\" src=\"data:image\/svg+xml,%3Csvg%20xmlns%3D%22http%3A%2F%2Fwww.w3.org%2F2000%2Fsvg%22%20width%3D%22150%22%20height%3D%22206%22%20viewBox%3D%220%200%20150%20206%22%3E%3C%2Fsvg%3E\" loading=\"eager\"><\/span><span class=\"fg-image-overlay\"><\/span><\/a><figcaption class=\"fg-caption\"><div class=\"fg-caption-inner\"><div class=\"fg-caption-title\">Die Todesanzeigen<\/div><\/div><\/figcaption><\/figure><div class=\"fg-loader\"><\/div><\/div><div class=\"fg-item fg-type-image fg-idle\"><figure class=\"fg-item-inner\"><a href=\"https:\/\/cdn.shortpixel.ai\/client\/q_lossy,ret_wait,to_webp\/https:\/\/meier-gerdingh.de\/wp-spd-ob\/wp-content\/uploads\/2019\/02\/la-15-beerdigung.jpg\" data-caption-title=\"Beerdigung von Luise Albertz auf dem Westfriedhof in Lirich\" data-attachment-id=\"6072\" data-spai-upd=\"1\" data-type=\"image\" class=\"fg-thumb\"><span class=\"fg-image-wrap\"><img title=\"Beerdigung von Luise Albertz auf dem Westfriedhof in Lirich\" width=\"150\" height=\"108\" class=\"skip-lazy fg-image\" data-no-lazy=\"1\" data-src-fg=\"https:\/\/cdn.shortpixel.ai\/client\/w_150,q_lossy,ret_wait,to_webp\/https:\/\/meier-gerdingh.de\/wp-spd-ob\/wp-content\/uploads\/2019\/02\/la-15-beerdigung.jpg\" src=\"data:image\/svg+xml,%3Csvg%20xmlns%3D%22http%3A%2F%2Fwww.w3.org%2F2000%2Fsvg%22%20width%3D%22150%22%20height%3D%22108%22%20viewBox%3D%220%200%20150%20108%22%3E%3C%2Fsvg%3E\" loading=\"eager\"><\/span><span class=\"fg-image-overlay\"><\/span><\/a><figcaption class=\"fg-caption\"><div class=\"fg-caption-inner\"><div class=\"fg-caption-title\">Beerdigung von Luise Albertz auf dem Westfriedhof in Lirich<\/div><\/div><\/figcaption><\/figure><div class=\"fg-loader\"><\/div><\/div><div class=\"fg-item fg-type-image fg-idle\"><figure class=\"fg-item-inner\"><a href=\"https:\/\/cdn.shortpixel.ai\/client\/q_lossy,ret_wait,to_webp\/https:\/\/meier-gerdingh.de\/wp-spd-ob\/wp-content\/uploads\/2019\/02\/la-16-gedenken.jpg\" data-caption-title=\"Gedenken an Luise Albertz: SPD-Fraktionschef Heinz Schleu\u00dfer, Willi Meinicke, Oberb\u00fcrgermeister Friedhelm van den Mond, CDU-Fraktionschef Hans Wagner und Oberstadtdirektor Dieter Uecker\" data-attachment-id=\"6073\" data-spai-upd=\"1\" data-type=\"image\" class=\"fg-thumb\"><span class=\"fg-image-wrap\"><img title=\"Gedenken an Luise Albertz: SPD-Fraktionschef Heinz Schleu\u00dfer, Willi Meinicke, Oberb\u00fcrgermeister Friedhelm van den Mond, CDU-Fraktionschef Hans Wagner und Oberstadtdirektor Dieter Uecker\" width=\"150\" height=\"132\" class=\"skip-lazy fg-image\" data-no-lazy=\"1\" data-src-fg=\"https:\/\/cdn.shortpixel.ai\/client\/w_150,q_lossy,ret_wait,to_webp\/https:\/\/meier-gerdingh.de\/wp-spd-ob\/wp-content\/uploads\/2019\/02\/la-16-gedenken.jpg\" src=\"data:image\/svg+xml,%3Csvg%20xmlns%3D%22http%3A%2F%2Fwww.w3.org%2F2000%2Fsvg%22%20width%3D%22150%22%20height%3D%22132%22%20viewBox%3D%220%200%20150%20132%22%3E%3C%2Fsvg%3E\" loading=\"eager\"><\/span><span class=\"fg-image-overlay\"><\/span><\/a><figcaption class=\"fg-caption\"><div class=\"fg-caption-inner\"><div class=\"fg-caption-title\">Gedenken an Luise Albertz: SPD-Fraktionschef Heinz Schleu\u00dfer, Willi Meinicke, Oberb\u00fcrgermeister Friedhelm van den Mond, CDU-Fraktionschef Hans Wagner und Oberstadtdirektor Dieter Uecker<\/div><\/div><\/figcaption><\/figure><div class=\"fg-loader\"><\/div><\/div><div class=\"fg-item fg-type-image fg-idle\"><figure class=\"fg-item-inner\"><a href=\"https:\/\/cdn.shortpixel.ai\/client\/q_lossy,ret_wait,to_webp\/https:\/\/meier-gerdingh.de\/wp-spd-ob\/wp-content\/uploads\/2019\/02\/la-17-luise-albertz-halle.jpg\" data-caption-title=\"2017: Banner an der Fensterfront der Luise-Albertz-Halle\" data-attachment-id=\"6074\" data-spai-upd=\"1\" data-type=\"image\" class=\"fg-thumb\"><span class=\"fg-image-wrap\"><img title=\"2017: Banner an der Fensterfront der Luise-Albertz-Halle\" width=\"150\" height=\"63\" class=\"skip-lazy fg-image\" data-no-lazy=\"1\" data-src-fg=\"https:\/\/cdn.shortpixel.ai\/client\/w_150,q_lossy,ret_wait,to_webp\/https:\/\/meier-gerdingh.de\/wp-spd-ob\/wp-content\/uploads\/2019\/02\/la-17-luise-albertz-halle.jpg\" src=\"data:image\/svg+xml,%3Csvg%20xmlns%3D%22http%3A%2F%2Fwww.w3.org%2F2000%2Fsvg%22%20width%3D%22150%22%20height%3D%2263%22%20viewBox%3D%220%200%20150%2063%22%3E%3C%2Fsvg%3E\" loading=\"eager\"><\/span><span class=\"fg-image-overlay\"><\/span><\/a><figcaption class=\"fg-caption\"><div class=\"fg-caption-inner\"><div class=\"fg-caption-title\">2017: Banner an der Fensterfront der Luise-Albertz-Halle<\/div><\/div><\/figcaption><\/figure><div class=\"fg-loader\"><\/div><\/div><\/div>\n<p><!--more--><\/p>\n<p>Bereits in jungen Jahren engagierte sie sich politisch, trat als Jugendliche der Sozialistischen Arbeiter-Jugend und der SPD bei. W\u00e4hrend des Zweiten Weltkriegs wurde sie als Sachbearbeiterin im st\u00e4dtischen F\u00fcrsorge- und Wohlfahrtsamt dienstverpflichtet, nach dem Krieg blieb sie in der Verwaltung und wurde Sekret\u00e4rin des Oberb\u00fcrgermeisters. 1946 wurde sie in den Rat der Stadt Oberhausen und von diesem zur ersten Oberb\u00fcrgermeisterin einer deutschen Gro\u00dfstadt gew\u00e4hlt.<\/p>\n<p>Doch ihr Engagement f\u00fcr die Menschen und f\u00fcr ihre Partei gingen weit \u00fcber die Grenzen Oberhausens hinaus. Sie beteiligte sich am Aufbau der Landes-SPD, wurde 1950 in den Bundesvorstand gew\u00e4hlt. \u00dcber die Landesliste r\u00fcckte sie 1949 in den ersten deutschen Bundestag. Zupackend und mutig, zur\u00fcckhaltend aber dennoch hartn\u00e4ckig \u2013 so wurde sie beschrieben in ihrem Engagement f\u00fcr die Menschen, deren Leben sie immer zum Besseren zu ver\u00e4ndern versuchte.<\/p>\n<p>&#8222;Das moralisch Richtige kann niemals das politisch Falsche sein.&#8220; Dieser Satz ihres Vaters Hermann Albertz pr\u00e4gte auch ihr Leben, das sie so sehr in den Dienst der Menschen und ihrer Stadt gestellt hat. Ihr Leben lang hatte sie f\u00fcr mehr soziale Gerechtigkeit, f\u00fcr Toleranz und Frieden, f\u00fcr Demokratie und gegen Unterdr\u00fcckung gek\u00e4mpft. Nach ihrer Wiederwahl zur Oberb\u00fcrgermeisterin 1956 sagte Luise Albertz: &#8222;Sie wissen, dass ich ein Kind der Arbeiterstadt Oberhausen bin und Tochter eines Arbeiters. Nie werde ich meinen Ursprung und meine \u00dcberzeugungen jemals verleugnen.&#8220;<\/p>\n<p>Dass sie diesem Versprechen Zeit ihres Lebens die Treue hielt, sich stets f\u00fcr die Belange Oberhausens und seiner Menschen einsetzte, brachte ihr Respekt ein, Bewunderung auch, doch vor allem: die tiefe Zuneigung der Menschen dieser Stadt. Es war eine Liebe, die Luise Albertz erwiderte: &#8222;F\u00fcr viele Menschen, so auch f\u00fcr mich, ist Oberhausen die Heimat, nach der wir uns sehnen, wenn wir drau\u00dfen sind.&#8220;<\/p>\n","protected":false},"excerpt":{"rendered":"<p>Anl\u00e4sslich ihres 40. Todestages am Freitag, 1.\u00a0Februar, erinnern der SPD-Unterbezirk und die Fraktion im Rat der Stadt an die langj\u00e4hrige Oberb\u00fcrgermeisterin und Bundestagsabgeordnete Luise Albertz. Als &#8222;Mutter Courage des Ruhrgebiets&#8220;&hellip; <\/p>\n","protected":false},"author":1,"featured_media":0,"comment_status":"closed","ping_status":"closed","sticky":false,"template":"","format":"standard","meta":{"footnotes":""},"categories":[173],"tags":[1818,405],"quellen":[326],"class_list":["post-6047","post","type-post","status-publish","format-standard","hentry","category-parteileben","tag-hermann-albertz","tag-luise-albertz","quellen-spd-fraktion-oberhausen"],"_links":{"self":[{"href":"https:\/\/meier-gerdingh.de\/wp-spd-ob\/wp-json\/wp\/v2\/posts\/6047","targetHints":{"allow":["GET"]}}],"collection":[{"href":"https:\/\/meier-gerdingh.de\/wp-spd-ob\/wp-json\/wp\/v2\/posts"}],"about":[{"href":"https:\/\/meier-gerdingh.de\/wp-spd-ob\/wp-json\/wp\/v2\/types\/post"}],"author":[{"embeddable":true,"href":"https:\/\/meier-gerdingh.de\/wp-spd-ob\/wp-json\/wp\/v2\/users\/1"}],"replies":[{"embeddable":true,"href":"https:\/\/meier-gerdingh.de\/wp-spd-ob\/wp-json\/wp\/v2\/comments?post=6047"}],"version-history":[{"count":0,"href":"https:\/\/meier-gerdingh.de\/wp-spd-ob\/wp-json\/wp\/v2\/posts\/6047\/revisions"}],"wp:attachment":[{"href":"https:\/\/meier-gerdingh.de\/wp-spd-ob\/wp-json\/wp\/v2\/media?parent=6047"}],"wp:term":[{"taxonomy":"category","embeddable":true,"href":"https:\/\/meier-gerdingh.de\/wp-spd-ob\/wp-json\/wp\/v2\/categories?post=6047"},{"taxonomy":"post_tag","embeddable":true,"href":"https:\/\/meier-gerdingh.de\/wp-spd-ob\/wp-json\/wp\/v2\/tags?post=6047"},{"taxonomy":"quellen","embeddable":true,"href":"https:\/\/meier-gerdingh.de\/wp-spd-ob\/wp-json\/wp\/v2\/quellen?post=6047"}],"curies":[{"name":"wp","href":"https:\/\/api.w.org\/{rel}","templated":true}]}}