{"id":606,"date":"2007-10-31T17:00:00","date_gmt":"2007-10-31T15:00:00","guid":{"rendered":"http:\/\/www.meier-gerdingh.de\/spd-oberhausen\/wp\/?p=606"},"modified":"2017-05-14T15:07:46","modified_gmt":"2017-05-14T13:07:46","slug":"stellvertretender-fraktionsvorsitzender-joachim-poss-zu-gast-bei-der-oberhausener-spd","status":"publish","type":"post","link":"https:\/\/meier-gerdingh.de\/wp-spd-ob\/2007\/10\/31\/stellvertretender-fraktionsvorsitzender-joachim-poss-zu-gast-bei-der-oberhausener-spd\/","title":{"rendered":"Stellvertretender Fraktionsvorsitzender Joachim Po\u00df zu Gast bei der Oberhausener SPD"},"content":{"rendered":"<div style=\"width: 210px\" class=\"wp-caption alignleft\"><a href=\"http:\/\/meier-gerdingh.de\/wp-spd-ob\/wp-content\/uploads\/veranstaltung_poss.jpg\"><img decoding=\"async\" class=\"size-full\" src=\"http:\/\/meier-gerdingh.de\/wp-spd-ob\/wp-content\/uploads\/veranstaltung_poss.jpg\" alt=\"Oberhausens SPD-Vorsitzender Wolfgang Gro\u00dfe Br\u00f6mer, Joachim Po\u00df, stv. Vorsitzender der SPD-Bundestagsfraktion, sowie der Oberhausener Juso-Vorsitzende Stefan Scheffler (v.l.)\" width=\"200\" height=\"138\" \/><\/a><p class=\"wp-caption-text\">Oberhausens SPD-Vorsitzender Wolfgang Gro\u00dfe Br\u00f6mer, Joachim Po\u00df, stv. Vorsitzender der SPD-Bundestagsfraktion, sowie der Oberhausener Juso-Vorsitzende Stefan Scheffler (v.l.)<\/p><\/div>\n<p>Auf Einladung von MdB Wolfgang Grotthaus und der Oberhausener Jungsozialisten diskutierte der stellvertretende Fraktionsvorsitzende der SPD-Bundestagsfraktion Joachim Po\u00df mit finanz- und wirtschaftspolitisch interessierten Mitgliedern der SPD und B\u00fcrgerinnen und B\u00fcrgern im Haus Union die wirtschafts- und finanzpolitischen Ziele der SPD. Po\u00df wies in seinem Referat auf die Ergebnisse des Bundesparteitags von Hamburg hin und skizzierte das neue &#8222;Hamburger Grundsatzprogramm&#8220; der SPD. Ein Grundsatzprogramm f\u00fcr die n\u00e4chsten 20 Jahre, das &#8211; die Realit\u00e4ten in einer globalisierten Welt voraussetzend &#8211; ein guter Orientierungsrahmen sei.<!--more--><\/p>\n<p>In der weiteren Diskussion unter Leitung des Oberhausener SPD-Vorsitzenden Wolfgang Gro\u00dfe Br\u00f6mer ging Joachim Po\u00df weiter auf die wirtschaftliche Entwicklung der Bundesrepublik Deutschland sowie die Entwicklung seit der Agenda 2010 ein. Er unterstrich dabei, dass sich die SPD nicht auf die konservativen Kreise eingelassen h\u00e4tte, die den Abbau von Arbeitnehmerrechten forderten, sondern ganz eindeutig dagegen stehe. &#8222;Man muss nicht den Sozialstaat schleifen, damit die Wirtschaft floriert. Wir Sozialdemokraten im Bund stehen f\u00fcr eine Politik, die wirtschaftliches Wachstum zum Ziel hat und die sich f\u00fcr die Interessen der Menschen, nicht gegen sie, einsetzt&#8220;, so Po\u00df weiter.<\/p>\n<p>Er verwies insbesondere auf den R\u00fcckgang der Arbeitslosenzahlen seit Februar 2005 von 5,2 Millionen auf 3,49 Millionen. Die Steigerung der sozialversicherungspflichtigen Arbeitspl\u00e4tze um 600.000. Auch die Steuerpolitik war Gegenstand seiner Ausf\u00fchrungen. So erl\u00e4uterte er die Reform der Unternehmensbesteuerung sowie die Situation bei der Gewerbesteuer und der Einkommensteuer. Er erinnerte daran, dass eine Familie mit zwei Kindern und einem Einkommen von rund 37.000 Euro keine Steuerschuld mehr habe. Dar\u00fcber hinaus konnten private Haushalte, mittelst\u00e4ndische Unternehmen und das Handwerk entlastet werden.<\/p>\n<p>&#8222;Unsere Wirtschafts- und Finanzpolitik steht in der sozialen Verantwortung. Unser neues Grundsatzprogramm, das Hamburger Programm, festigt die Finanz- und Wirtschaftszielsetzung der SPD in einer globalisierten Welt. Wir wollen gute Arbeit, die gerecht entlohnt wird&#8220;, so Joachim Po\u00df abschlie\u00dfend.<\/p>\n","protected":false},"excerpt":{"rendered":"<p>Auf Einladung von MdB Wolfgang Grotthaus und der Oberhausener Jungsozialisten diskutierte der stellvertretende Fraktionsvorsitzende der SPD-Bundestagsfraktion Joachim Po\u00df mit finanz- und wirtschaftspolitisch interessierten Mitgliedern der SPD und B\u00fcrgerinnen und B\u00fcrgern&hellip; <\/p>\n","protected":false},"author":1,"featured_media":0,"comment_status":"closed","ping_status":"closed","sticky":false,"template":"","format":"standard","meta":{"footnotes":""},"categories":[1],"tags":[],"quellen":[],"class_list":["post-606","post","type-post","status-publish","format-standard","hentry","category-allgemein"],"_links":{"self":[{"href":"https:\/\/meier-gerdingh.de\/wp-spd-ob\/wp-json\/wp\/v2\/posts\/606","targetHints":{"allow":["GET"]}}],"collection":[{"href":"https:\/\/meier-gerdingh.de\/wp-spd-ob\/wp-json\/wp\/v2\/posts"}],"about":[{"href":"https:\/\/meier-gerdingh.de\/wp-spd-ob\/wp-json\/wp\/v2\/types\/post"}],"author":[{"embeddable":true,"href":"https:\/\/meier-gerdingh.de\/wp-spd-ob\/wp-json\/wp\/v2\/users\/1"}],"replies":[{"embeddable":true,"href":"https:\/\/meier-gerdingh.de\/wp-spd-ob\/wp-json\/wp\/v2\/comments?post=606"}],"version-history":[{"count":0,"href":"https:\/\/meier-gerdingh.de\/wp-spd-ob\/wp-json\/wp\/v2\/posts\/606\/revisions"}],"wp:attachment":[{"href":"https:\/\/meier-gerdingh.de\/wp-spd-ob\/wp-json\/wp\/v2\/media?parent=606"}],"wp:term":[{"taxonomy":"category","embeddable":true,"href":"https:\/\/meier-gerdingh.de\/wp-spd-ob\/wp-json\/wp\/v2\/categories?post=606"},{"taxonomy":"post_tag","embeddable":true,"href":"https:\/\/meier-gerdingh.de\/wp-spd-ob\/wp-json\/wp\/v2\/tags?post=606"},{"taxonomy":"quellen","embeddable":true,"href":"https:\/\/meier-gerdingh.de\/wp-spd-ob\/wp-json\/wp\/v2\/quellen?post=606"}],"curies":[{"name":"wp","href":"https:\/\/api.w.org\/{rel}","templated":true}]}}