{"id":6085,"date":"2019-02-05T16:32:05","date_gmt":"2019-02-05T15:32:05","guid":{"rendered":"https:\/\/meier-gerdingh.de\/wp-spd-ob\/?p=6085"},"modified":"2023-03-28T16:39:08","modified_gmt":"2023-03-28T14:39:08","slug":"haltung-des-staedtetages-ist-eine-enttaeuschung","status":"publish","type":"post","link":"https:\/\/meier-gerdingh.de\/wp-spd-ob\/2019\/02\/05\/haltung-des-staedtetages-ist-eine-enttaeuschung\/","title":{"rendered":"Haltung des St\u00e4dtetages zu den Stra\u00dfenbaubeitr\u00e4gen ist eine Entt\u00e4uschung"},"content":{"rendered":"<div id=\"attachment_2033\" style=\"width: 150px\" class=\"wp-caption alignleft\"><a href=\"https:\/\/meier-gerdingh.de\/wp-spd-ob\/wp-content\/uploads\/real_ulrich_14.jpg\"><img aria-describedby=\"caption-attachment-2033\" decoding=\"async\" class=\"size-full wp-image-2033\" src=\"https:\/\/meier-gerdingh.de\/wp-spd-ob\/wp-content\/uploads\/real_ulrich_14.jpg\" alt=\"\" width=\"140\" height=\"170\" srcset=\"https:\/\/meier-gerdingh.de\/wp-spd-ob\/wp-content\/uploads\/real_ulrich_14.jpg 140w, https:\/\/meier-gerdingh.de\/wp-spd-ob\/wp-content\/uploads\/real_ulrich_14-123x150.jpg 123w\" sizes=\"(max-width: 140px) 100vw, 140px\" \/><\/a><p id=\"caption-attachment-2033\" class=\"wp-caption-text\">Ulrich Real ist planungspolitischer Sprecher der SPD-Fraktion und Bezirksb\u00fcrgermeister von Sterkrade<\/p><\/div>\n<p>Entt\u00e4uscht zeigt sich der planungspolitische Sprecher der SPD-Fraktion, Ulrich Real, von der Stellungnahme des St\u00e4dtetags zum Thema Stra\u00dfenausbaubeitr\u00e4ge. Das Gremium hatte sich gegen die Abschaffung der umstrittenen Regelung ausgesprochen.<\/p>\n<p>&#8222;Diese Einsch\u00e4tzung ist eine Entt\u00e4uschung f\u00fcr alle B\u00fcrgerinnen und B\u00fcrger, die zurzeit mit einer landesweiten Aktion f\u00fcr die Abschaffung der Stra\u00dfenausbaubeitr\u00e4ge in NRW k\u00e4mpfen&#8220;, erkl\u00e4rt Real. Eine entsprechende Initiative der SPD-Landtagsfraktion war am Widerstand der schwarz-gelben Landesregierung gescheitert.<!--more--><\/p>\n<p>&#8222;Die von der schwarz-gelben Koalition in die Diskussion gebrachte Variante, die Entscheidung auf die Kommunen abzuschieben, ist ungerecht und nicht tragbar. Sie h\u00e4tte n\u00e4mlich zur Folge, dass in den wohlhabenden Kommunen den Anliegern die Beitr\u00e4ge erlassen werden, \u00e4rmere St\u00e4dte hingegen m\u00fcssten sie bei ihren B\u00fcrger eintreiben&#8220;, so Real, der eine Parallele zu den Kosten der Kinderbetreuung sieht: W\u00e4hrend Kindergartenpl\u00e4tze f\u00fcr Kinder ab drei Jahren in D\u00fcsseldorf etwa beitragsfrei sind, k\u00f6nnen sich dies vergleichsweise arme Kommunen wie Oberhausen nicht leisten.<\/p>\n<p>&#8222;Wenn ein Hausbesitzer nach erfolgtem Stra\u00dfenausbau einen Geb\u00fchrenbescheid in H\u00f6he von bis zu 30.000 Euro bekommt, ist das nicht selten existenzgef\u00e4hrdend&#8220;, erkl\u00e4rt Real. &#8222;Es kann nicht sein, dass St\u00e4dte ihre eigenen B\u00fcrgerinnen und B\u00fcrger in solch eine Zwangssituation bringen.&#8220;<\/p>\n<p>Damit auch arme St\u00e4dte zuk\u00fcnftig in den Stra\u00dfenbau investieren k\u00f6nnen, h\u00e4lt Real eine Kosten\u00fcbernahme der Anliegerbeitr\u00e4ge durch das Land \u2013 wie in Bayern und Baden-W\u00fcrttemberg schon lange \u00fcblich \u2013 f\u00fcr zwingend erforderlich.<\/p>\n","protected":false},"excerpt":{"rendered":"<p>Entt\u00e4uscht zeigt sich der planungspolitische Sprecher der SPD-Fraktion, Ulrich Real, von der Stellungnahme des St\u00e4dtetags zum Thema Stra\u00dfenausbaubeitr\u00e4ge. Das Gremium hatte sich gegen die Abschaffung der umstrittenen Regelung ausgesprochen. &#8222;Diese&hellip; <\/p>\n","protected":false},"author":1,"featured_media":0,"comment_status":"closed","ping_status":"closed","sticky":false,"template":"","format":"standard","meta":{"footnotes":""},"categories":[27],"tags":[2031,1825,1717,1116,1712],"quellen":[326],"class_list":["post-6085","post","type-post","status-publish","format-standard","hentry","category-planen-bauen-wohnen-verkehr","tag-anliegerbeitraege","tag-staedtetag","tag-strassenausbaubeitraege","tag-strassenbau","tag-strassenbaubeitraege","quellen-spd-fraktion-oberhausen"],"_links":{"self":[{"href":"https:\/\/meier-gerdingh.de\/wp-spd-ob\/wp-json\/wp\/v2\/posts\/6085","targetHints":{"allow":["GET"]}}],"collection":[{"href":"https:\/\/meier-gerdingh.de\/wp-spd-ob\/wp-json\/wp\/v2\/posts"}],"about":[{"href":"https:\/\/meier-gerdingh.de\/wp-spd-ob\/wp-json\/wp\/v2\/types\/post"}],"author":[{"embeddable":true,"href":"https:\/\/meier-gerdingh.de\/wp-spd-ob\/wp-json\/wp\/v2\/users\/1"}],"replies":[{"embeddable":true,"href":"https:\/\/meier-gerdingh.de\/wp-spd-ob\/wp-json\/wp\/v2\/comments?post=6085"}],"version-history":[{"count":0,"href":"https:\/\/meier-gerdingh.de\/wp-spd-ob\/wp-json\/wp\/v2\/posts\/6085\/revisions"}],"wp:attachment":[{"href":"https:\/\/meier-gerdingh.de\/wp-spd-ob\/wp-json\/wp\/v2\/media?parent=6085"}],"wp:term":[{"taxonomy":"category","embeddable":true,"href":"https:\/\/meier-gerdingh.de\/wp-spd-ob\/wp-json\/wp\/v2\/categories?post=6085"},{"taxonomy":"post_tag","embeddable":true,"href":"https:\/\/meier-gerdingh.de\/wp-spd-ob\/wp-json\/wp\/v2\/tags?post=6085"},{"taxonomy":"quellen","embeddable":true,"href":"https:\/\/meier-gerdingh.de\/wp-spd-ob\/wp-json\/wp\/v2\/quellen?post=6085"}],"curies":[{"name":"wp","href":"https:\/\/api.w.org\/{rel}","templated":true}]}}