{"id":6094,"date":"2019-02-12T18:01:48","date_gmt":"2019-02-12T17:01:48","guid":{"rendered":"https:\/\/meier-gerdingh.de\/wp-spd-ob\/?p=6094"},"modified":"2019-02-12T18:01:48","modified_gmt":"2019-02-12T17:01:48","slug":"kko-plaene-veraergern-spd-in-osterfeld","status":"publish","type":"post","link":"https:\/\/meier-gerdingh.de\/wp-spd-ob\/2019\/02\/12\/kko-plaene-veraergern-spd-in-osterfeld\/","title":{"rendered":"KKO-Pl\u00e4ne ver\u00e4rgern SPD in Osterfeld"},"content":{"rendered":"<div id=\"attachment_5157\" style=\"width: 150px\" class=\"wp-caption alignleft\"><a href=\"https:\/\/meier-gerdingh.de\/wp-spd-ob\/wp-content\/uploads\/2018\/05\/jacobs_silke_14.jpg\"><img aria-describedby=\"caption-attachment-5157\" decoding=\"async\" class=\"size-full wp-image-5157\" src=\"https:\/\/meier-gerdingh.de\/wp-spd-ob\/wp-content\/uploads\/2018\/05\/jacobs_silke_14.jpg\" alt=\"\" width=\"140\" height=\"169\" \/><\/a><p id=\"caption-attachment-5157\" class=\"wp-caption-text\">Silke Jacobs ist Mitglied des Rates der Stadt f\u00fcr den Wahlbezirk Klosterhardt-S\u00fcd und Vorsitzende der SPD-Fraktion in der Bezirksvertretung Osterfeld<\/p><\/div>\n<p>Ver\u00e4rgert haben die Osterfelder Sozialdemokraten die Entscheidung des Katholischen Klinikums Oberhausen (KKO) zur Kenntnis genommen, auf dem Gel\u00e4nde des ehemaligen Hallenbads entgegen langj\u00e4hriger Planungen kein Reha-Zentrum zu errichten.<\/p>\n<p>&#8222;Jahrelang ist an diesem Standort wegen der Reha-Pl\u00e4ne des KKO nichts passiert, Alternativen wurden nicht in Erw\u00e4gung gezogen. Und dann erfahren wir aus heiterem Himmel, dass die Einrichtung von Anfang an zu klein geplant war&#8220;, \u00e4rgert sich die Osterfelder Stadtverordnete Silke Jacobs. &#8222;Eine gro\u00dfe Chance f\u00fcr die Entwicklung des Stadtteils ist durch diese unendliche KKO-Geschichte verpasst worden&#8220;, bedauert die SPD-Fraktionsvorsitzende in der Bezirksvertretung Osterfeld.<!--more--><\/p>\n<p>F\u00fcr die weitere Nutzung des Gel\u00e4ndes sind noch keine weiteren Planungen bekannt. Zudem kritisieren die Sozialdemokraten die unklare Zukunft des Standortes.<\/p>\n<p>Laut KKO-Gesch\u00e4ftsf\u00fchrer Michael Boos gebe es in dieser Frage &#8222;keinen Handlungsdruck&#8220;, was die Osterfelder SPD ganz anders sieht \u2013 die Sozialdemokraten fordern Informationen: &#8222;Es ist immer wieder zu h\u00f6ren, dass ohne ein Reha-Zentrum das Marienhospital als Krankenhaus f\u00fcr den Stadtteil ebenfalls keine Zukunft hat. Wir wollen endlich Klarheit in dieser f\u00fcr den Stadtteil so wichtigen Frage&#8220;, fordert Silke Jacobs.<\/p>\n<p>F\u00fcr die Ratssitzung am kommenden Montag hat die SPD-Fraktion einen Sachstandsbericht zum Thema &#8222;Zukunft des Gesundheitsstandortes Osterfeld&#8220; angefordert.<\/p>\n","protected":false},"excerpt":{"rendered":"<p>Ver\u00e4rgert haben die Osterfelder Sozialdemokraten die Entscheidung des Katholischen Klinikums Oberhausen (KKO) zur Kenntnis genommen, auf dem Gel\u00e4nde des ehemaligen Hallenbads entgegen langj\u00e4hriger Planungen kein Reha-Zentrum zu errichten. &#8222;Jahrelang ist&hellip; <\/p>\n","protected":false},"author":1,"featured_media":0,"comment_status":"closed","ping_status":"closed","sticky":false,"template":"","format":"standard","meta":{"footnotes":""},"categories":[297,167],"tags":[185,1832,1830,1831,41,408],"quellen":[326],"class_list":["post-6094","post","type-post","status-publish","format-standard","hentry","category-gesundheit","category-stadtteile","tag-bezirksvertretung-osterfeld","tag-hallenbad-osterfeld","tag-kko","tag-marienhospital","tag-osterfeld","tag-reha-zentrum-osterfeld","quellen-spd-fraktion-oberhausen"],"_links":{"self":[{"href":"https:\/\/meier-gerdingh.de\/wp-spd-ob\/wp-json\/wp\/v2\/posts\/6094","targetHints":{"allow":["GET"]}}],"collection":[{"href":"https:\/\/meier-gerdingh.de\/wp-spd-ob\/wp-json\/wp\/v2\/posts"}],"about":[{"href":"https:\/\/meier-gerdingh.de\/wp-spd-ob\/wp-json\/wp\/v2\/types\/post"}],"author":[{"embeddable":true,"href":"https:\/\/meier-gerdingh.de\/wp-spd-ob\/wp-json\/wp\/v2\/users\/1"}],"replies":[{"embeddable":true,"href":"https:\/\/meier-gerdingh.de\/wp-spd-ob\/wp-json\/wp\/v2\/comments?post=6094"}],"version-history":[{"count":0,"href":"https:\/\/meier-gerdingh.de\/wp-spd-ob\/wp-json\/wp\/v2\/posts\/6094\/revisions"}],"wp:attachment":[{"href":"https:\/\/meier-gerdingh.de\/wp-spd-ob\/wp-json\/wp\/v2\/media?parent=6094"}],"wp:term":[{"taxonomy":"category","embeddable":true,"href":"https:\/\/meier-gerdingh.de\/wp-spd-ob\/wp-json\/wp\/v2\/categories?post=6094"},{"taxonomy":"post_tag","embeddable":true,"href":"https:\/\/meier-gerdingh.de\/wp-spd-ob\/wp-json\/wp\/v2\/tags?post=6094"},{"taxonomy":"quellen","embeddable":true,"href":"https:\/\/meier-gerdingh.de\/wp-spd-ob\/wp-json\/wp\/v2\/quellen?post=6094"}],"curies":[{"name":"wp","href":"https:\/\/api.w.org\/{rel}","templated":true}]}}