{"id":6099,"date":"2019-02-11T15:44:07","date_gmt":"2019-02-11T14:44:07","guid":{"rendered":"https:\/\/meier-gerdingh.de\/wp-spd-ob\/?p=6099"},"modified":"2019-02-17T14:51:03","modified_gmt":"2019-02-17T13:51:03","slug":"thorsten-kamps-bleibt-vorsitzender","status":"publish","type":"post","link":"https:\/\/meier-gerdingh.de\/wp-spd-ob\/2019\/02\/11\/thorsten-kamps-bleibt-vorsitzender\/","title":{"rendered":"Thorsten Kamps bleibt Vorsitzender"},"content":{"rendered":"<div id=\"attachment_6098\" style=\"width: 840px\" class=\"wp-caption aligncenter\"><a href=\"https:\/\/meier-gerdingh.de\/wp-spd-ob\/wp-content\/uploads\/2019\/02\/ov-osterfeld-jhv-2019.jpg\"><img aria-describedby=\"caption-attachment-6098\" decoding=\"async\" class=\"size-full wp-image-6098\" src=\"https:\/\/meier-gerdingh.de\/wp-spd-ob\/wp-content\/uploads\/2019\/02\/ov-osterfeld-jhv-2019.jpg\" alt=\"\" width=\"830\" height=\"497\" srcset=\"https:\/\/meier-gerdingh.de\/wp-spd-ob\/wp-content\/uploads\/2019\/02\/ov-osterfeld-jhv-2019.jpg 830w, https:\/\/meier-gerdingh.de\/wp-spd-ob\/wp-content\/uploads\/2019\/02\/ov-osterfeld-jhv-2019-300x180.jpg 300w, https:\/\/meier-gerdingh.de\/wp-spd-ob\/wp-content\/uploads\/2019\/02\/ov-osterfeld-jhv-2019-768x460.jpg 768w\" sizes=\"(max-width: 830px) 100vw, 830px\" \/><\/a><p id=\"caption-attachment-6098\" class=\"wp-caption-text\">Der neugew\u00e4hlte Ortsvereinsvorstand Osterfeld, v.l.:<br \/>1. Reihe: Helga Grothe, Nicole Kopp-Czech<br \/>2. Reihe: Karl-Heinz Steffan, Silke Jacobs, Anette Wei\u00df, Gudrun Lange, Thomas Krey, Anna Grothe<br \/>3. Reihe: Thorsten Kamps, Ulrike Korbar, Marcel Tersteegen, Dennis Lotz<\/p><\/div>\n<p><em>Zur Jahreshauptversammlung hatte der SPD-Ortsverein Osterfeld seine Mitglieder am 06.02.2019 in die Gastst\u00e4tte &#8222;Zur Antony-H\u00fctte&#8220; eingeladen. Neben den Rechenschaftsberichten waren die Vorstandswahl und die Delegiertenwahl zu den Unterbezirksparteitagen Schwerpunkt der Jahreshauptversammlung.<\/em><\/p>\n<p>Seinen Rechenschaftsbericht er\u00f6ffnet Thorsten Kamps mit den Worten: &#8222;Es war ein erfolgreiches Jahr f\u00fcr den Ortsverein Osterfeld!&#8220; und erinnerte an die zahlreichen Veranstaltungen im Gesch\u00e4ftsjahr 2018. Er hob besonders die durchgef\u00fchrten &#8222;Osterfelder Ohren&#8220; hervor, in denen man mit den Osterfelder B\u00fcrgerinnen und B\u00fcrgern ins Gespr\u00e4ch kam. &#8222;Es wurden entweder Themen aufgenommen, die wir dann in die politischen Gremien brachten, aber ebenso erfuhren wir deren Meinungen zu von uns vorgegebenen Themen. Erw\u00e4hnenswert waren auch die beiden Kulturforen, die von uns organisiert wurden&#8220;, erl\u00e4uterte Thorsten Kamps.<!--more--><\/p>\n<p>Nach den Berichten des Kassenwarts und der Revisoren wurde der Vorstand durch das einstimmige Votum der Mitgliederversammlung entlastet.<\/p>\n<p>Es folgte die Wahl des Vorstandes:<\/p>\n<p>Thorsten Kamps als <strong>Vorsitzender<\/strong>, Helga Grothe als <strong>stellvertretende Vorsitzende<\/strong>, Olaf Hinkemeyer als <strong>Gesch\u00e4ftsf\u00fchrer<\/strong> sowie Karl- Heinz Steffan und Ulrike Korbar als <strong>Kassierer und Kassiererin<\/strong> wurden bei der Wahl in ihrem Amt best\u00e4tigt. Marcel Tersteegen wurde als <strong>Schriftf\u00fchrer<\/strong> gew\u00e4hlt.<\/p>\n<p>Als <strong>Beisitzerinnen und Beisitzer<\/strong> wurden Anna Grothe, Silke Jakobs, Thomas Krey, Nicole Kopp-Czech, Gudrun Lange, Dennis Lotz und Anette Wei\u00df gew\u00e4hlt.<\/p>\n<p>Nach den Vorstandswahlen folgte die Wahl der <strong>18 ordentlichen Delegierten und Ersatzdelegierten zu den Unterbezirksparteitagen 2019<\/strong>. Gew\u00e4hlt wurden:<\/p>\n<ul>\n<li>Karl-Heinz Steffan<\/li>\n<li>Wolfgang Gro\u00dfe Br\u00f6mer<\/li>\n<li>Anna Grothe<\/li>\n<li>Dennis Lotz<\/li>\n<li>Helga Grothe<\/li>\n<li>J\u00f6rg Bischoff<\/li>\n<li>Thomas Krey<\/li>\n<li>Olaf Hinkemeyer<\/li>\n<li>Silke Jacobs<\/li>\n<li>Thorsten Kamps<\/li>\n<li>Doris Dengel<\/li>\n<li>Stefan Zimkeit<\/li>\n<li>Anette Wei\u00df<\/li>\n<li>Angelika Hesse<\/li>\n<li>Ulrike Korbar<\/li>\n<li>J\u00f6rg M\u00fcller<\/li>\n<li>Gudrun Lange<\/li>\n<li>Egon Spiller<\/li>\n<\/ul>\n<p>In den <strong>Unterbezirksausschuss<\/strong> wurden Christian Heckhoff (Vertreter: Hauke H\u00fclsman), J\u00f6rg M\u00fcller (Vertreter: Heinz-J\u00f6rg Reichstein, Anette Wei\u00df \u2013 Vertreter Guntram Gro\u00dfenbrink gew\u00e4hlt.<\/p>\n<p>Am Ende bedankte sich Thorsten Kamps f\u00fcr die konzentrierte Mitarbeit der Mitglieder. Er ist \u00fcberzeugt davon, dass die Arbeit des Ortsverein Osterfeld auch auf der n\u00e4chsten Jahreshauptversammlung als erfolgreich bezeichnet werden kann. &#8222;Wir werden weiter daran arbeiten, als SPD bei den B\u00fcrgerinnen und B\u00fcrgern pr\u00e4sent zu sein&#8220;, so Kamps abschlie\u00dfend.<\/p>\n","protected":false},"excerpt":{"rendered":"<p>Zur Jahreshauptversammlung hatte der SPD-Ortsverein Osterfeld seine Mitglieder am 06.02.2019 in die Gastst\u00e4tte &#8222;Zur Antony-H\u00fctte&#8220; eingeladen. Neben den Rechenschaftsberichten waren die Vorstandswahl und die Delegiertenwahl zu den Unterbezirksparteitagen Schwerpunkt der&hellip; <\/p>\n","protected":false},"author":1,"featured_media":0,"comment_status":"closed","ping_status":"closed","sticky":false,"template":"","format":"standard","meta":{"footnotes":""},"categories":[173],"tags":[152,71,41,1542,681],"quellen":[339],"class_list":["post-6099","post","type-post","status-publish","format-standard","hentry","category-parteileben","tag-delegiertenwahlen","tag-jahreshauptversammlung","tag-osterfeld","tag-osterfelder-ohr","tag-vorstandswahlen","quellen-ov-osterfeld"],"_links":{"self":[{"href":"https:\/\/meier-gerdingh.de\/wp-spd-ob\/wp-json\/wp\/v2\/posts\/6099","targetHints":{"allow":["GET"]}}],"collection":[{"href":"https:\/\/meier-gerdingh.de\/wp-spd-ob\/wp-json\/wp\/v2\/posts"}],"about":[{"href":"https:\/\/meier-gerdingh.de\/wp-spd-ob\/wp-json\/wp\/v2\/types\/post"}],"author":[{"embeddable":true,"href":"https:\/\/meier-gerdingh.de\/wp-spd-ob\/wp-json\/wp\/v2\/users\/1"}],"replies":[{"embeddable":true,"href":"https:\/\/meier-gerdingh.de\/wp-spd-ob\/wp-json\/wp\/v2\/comments?post=6099"}],"version-history":[{"count":0,"href":"https:\/\/meier-gerdingh.de\/wp-spd-ob\/wp-json\/wp\/v2\/posts\/6099\/revisions"}],"wp:attachment":[{"href":"https:\/\/meier-gerdingh.de\/wp-spd-ob\/wp-json\/wp\/v2\/media?parent=6099"}],"wp:term":[{"taxonomy":"category","embeddable":true,"href":"https:\/\/meier-gerdingh.de\/wp-spd-ob\/wp-json\/wp\/v2\/categories?post=6099"},{"taxonomy":"post_tag","embeddable":true,"href":"https:\/\/meier-gerdingh.de\/wp-spd-ob\/wp-json\/wp\/v2\/tags?post=6099"},{"taxonomy":"quellen","embeddable":true,"href":"https:\/\/meier-gerdingh.de\/wp-spd-ob\/wp-json\/wp\/v2\/quellen?post=6099"}],"curies":[{"name":"wp","href":"https:\/\/api.w.org\/{rel}","templated":true}]}}