{"id":611,"date":"2007-12-06T17:00:00","date_gmt":"2007-12-06T15:00:00","guid":{"rendered":"http:\/\/www.meier-gerdingh.de\/spd-oberhausen\/wp\/?p=611"},"modified":"2017-05-14T15:06:30","modified_gmt":"2017-05-14T13:06:30","slug":"auch-bei-den-schulen-gilt-die-schwarz-gelbe-ideologie-des-privat-vor-staat","status":"publish","type":"post","link":"https:\/\/meier-gerdingh.de\/wp-spd-ob\/2007\/12\/06\/auch-bei-den-schulen-gilt-die-schwarz-gelbe-ideologie-des-privat-vor-staat\/","title":{"rendered":"Auch bei den Schulen gilt die schwarz-gelbe Ideologie des &#8222;Privat vor Staat&#8220;"},"content":{"rendered":"<div style=\"width: 150px\" class=\"wp-caption alignleft\"><a href=\"http:\/\/meier-gerdingh.de\/wp-spd-ob\/wp-content\/uploads\/grosse_broemer_wolfgang.jpg\"><img decoding=\"async\" class=\"size-full\" src=\"http:\/\/meier-gerdingh.de\/wp-spd-ob\/wp-content\/uploads\/grosse_broemer_wolfgang.jpg\" alt=\"Wolfgang Gro\u00dfe Br\u00f6mer ist Vorsitzender der SPD-Fraktion im Rat der Stadt Oberhausen und Mitglied des Landtags von NRW\" width=\"140\" height=\"191\" \/><\/a><p class=\"wp-caption-text\">Wolfgang Gro\u00dfe Br\u00f6mer ist Vorsitzender der SPD-Fraktion im Rat der Stadt Oberhausen und Mitglied des Landtags von NRW<\/p><\/div>\n<p>&#8222;Auch bei den Schulen in Nordrhein-Westfalen gilt die Ideologie des &#8218;Privat vor Staat&#8216; der schwarz-gelben Koalition. Der Haushalt f\u00fcr 2008 macht deutlich, dass von den rund 41 Millionen Euro, die das Land im kommenden Jahr mehr f\u00fcr den Bereich Schule und Weiterbildung ausgeben will, allein die Privatschulen insgesamt 38 Millionen Euro zus\u00e4tzlich erhalten sollen&#8220;, berichtete der SPD-Abgeordnete und Vorsitzende des Schulausschusses, Wolfgang Gro\u00dfe Br\u00f6mer, heute in D\u00fcsseldorf.<!--more--><\/p>\n<p>Gleichzeitig rechne das Schulministerium landesweit nur mit einem Anstieg von 77 Sch\u00fclerinnen und Sch\u00fclern an diesen Privatschulen.<\/p>\n<p>Gro\u00dfe Br\u00f6mer: &#8222;Das zeigt, CDU und FDP im D\u00fcsseldorfer Landtag geht es nicht um eine bessere Finanzierung und personelle Ausstattung unserer Schulen insgesamt.&#8220; Au\u00dferdem m\u00fcsse man ber\u00fccksichtigen, dass zu erwartende Gehaltssteigerungen und steigende Versorgungsleistungen innerhalb des Etats aufgefangen werden m\u00fcssten, erg\u00e4nzte der SPD-Schulexperte.<\/p>\n","protected":false},"excerpt":{"rendered":"<p>&#8222;Auch bei den Schulen in Nordrhein-Westfalen gilt die Ideologie des &#8218;Privat vor Staat&#8216; der schwarz-gelben Koalition. Der Haushalt f\u00fcr 2008 macht deutlich, dass von den rund 41 Millionen Euro, die&hellip; <\/p>\n","protected":false},"author":1,"featured_media":0,"comment_status":"closed","ping_status":"closed","sticky":false,"template":"","format":"standard","meta":{"footnotes":""},"categories":[1],"tags":[],"quellen":[],"class_list":["post-611","post","type-post","status-publish","format-standard","hentry","category-allgemein"],"_links":{"self":[{"href":"https:\/\/meier-gerdingh.de\/wp-spd-ob\/wp-json\/wp\/v2\/posts\/611","targetHints":{"allow":["GET"]}}],"collection":[{"href":"https:\/\/meier-gerdingh.de\/wp-spd-ob\/wp-json\/wp\/v2\/posts"}],"about":[{"href":"https:\/\/meier-gerdingh.de\/wp-spd-ob\/wp-json\/wp\/v2\/types\/post"}],"author":[{"embeddable":true,"href":"https:\/\/meier-gerdingh.de\/wp-spd-ob\/wp-json\/wp\/v2\/users\/1"}],"replies":[{"embeddable":true,"href":"https:\/\/meier-gerdingh.de\/wp-spd-ob\/wp-json\/wp\/v2\/comments?post=611"}],"version-history":[{"count":0,"href":"https:\/\/meier-gerdingh.de\/wp-spd-ob\/wp-json\/wp\/v2\/posts\/611\/revisions"}],"wp:attachment":[{"href":"https:\/\/meier-gerdingh.de\/wp-spd-ob\/wp-json\/wp\/v2\/media?parent=611"}],"wp:term":[{"taxonomy":"category","embeddable":true,"href":"https:\/\/meier-gerdingh.de\/wp-spd-ob\/wp-json\/wp\/v2\/categories?post=611"},{"taxonomy":"post_tag","embeddable":true,"href":"https:\/\/meier-gerdingh.de\/wp-spd-ob\/wp-json\/wp\/v2\/tags?post=611"},{"taxonomy":"quellen","embeddable":true,"href":"https:\/\/meier-gerdingh.de\/wp-spd-ob\/wp-json\/wp\/v2\/quellen?post=611"}],"curies":[{"name":"wp","href":"https:\/\/api.w.org\/{rel}","templated":true}]}}