{"id":6110,"date":"2019-02-20T09:02:30","date_gmt":"2019-02-20T08:02:30","guid":{"rendered":"https:\/\/meier-gerdingh.de\/wp-spd-ob\/?p=6110"},"modified":"2023-02-01T17:36:20","modified_gmt":"2023-02-01T16:36:20","slug":"spd-kulturpolitiker-beraten-ueber-kuenftige-themen","status":"publish","type":"post","link":"https:\/\/meier-gerdingh.de\/wp-spd-ob\/2019\/02\/20\/spd-kulturpolitiker-beraten-ueber-kuenftige-themen\/","title":{"rendered":"SPD-Kulturpolitiker beraten \u00fcber k\u00fcnftige Themen"},"content":{"rendered":"<div id=\"attachment_6108\" style=\"width: 730px\" class=\"wp-caption aligncenter\"><a href=\"https:\/\/meier-gerdingh.de\/wp-spd-ob\/wp-content\/uploads\/2019\/02\/ak_kultur_klausur_2019_lg.jpg\"><img aria-describedby=\"caption-attachment-6108\" decoding=\"async\" class=\"size-full wp-image-6108\" src=\"https:\/\/meier-gerdingh.de\/wp-spd-ob\/wp-content\/uploads\/2019\/02\/ak_kultur_klausur_2019.jpg\" alt=\"\" width=\"720\" height=\"537\" srcset=\"https:\/\/meier-gerdingh.de\/wp-spd-ob\/wp-content\/uploads\/2019\/02\/ak_kultur_klausur_2019.jpg 720w, https:\/\/meier-gerdingh.de\/wp-spd-ob\/wp-content\/uploads\/2019\/02\/ak_kultur_klausur_2019-300x224.jpg 300w\" sizes=\"(max-width: 720px) 100vw, 720px\" \/><\/a><p id=\"caption-attachment-6108\" class=\"wp-caption-text\">SPD-Kulturpolitiker, Vertreterinnen und Vertreter st\u00e4dtischer Kultureinrichtungen sowie Kulturdezernent Apostolos Tsalastras haben einen Blick auf die kulturpolitischen Themen geworfen, die Stadtverwaltung und Politik in diesem Jahr besch\u00e4ftigen werden. F\u00fcr einige Teilnehmer ging es am Ende der Klausurtagung in die R\u00e4umlichkeiten des ehemaligen Kinos Europa-Palast hinter dem Caf\u00e9 Transatlantik an der Els\u00e4sser Stra\u00dfe<\/p><\/div>\n<p>Gemeinsam mit Vertreterinnen und Vertretern der st\u00e4dtischen Kultureinrichtungen sowie dem Kulturdezernenten und K\u00e4mmerer Apostolos Tsalastras sind die Kulturpolitiker der SPD-Ratsfraktion zu ihrer j\u00e4hrlichen Arbeitsklausur zusammengekommen. Thematisiert wurden in dieser Runde etwa erste Gedanken \u00fcber die k\u00fcnftige Gestaltung des Alten Sterkrader Rathauses, in dem k\u00fcnftig die Musikschule und das Kulturb\u00fcro der Stadt eine neue Heimat finden sollen.<\/p>\n<p>&#8222;Hier gilt es, eine gute, bezahlbare Variante auszuarbeiten. Eine Billigl\u00f6sung w\u00e4re dort kontraproduktiv&#8220;, erkl\u00e4rt der Kulturpolitische Sprecher der SPD-Fraktion, Manfred Flore.<!--more--><\/p>\n<p>Einen weiteren Schwerpunkt bildeten die zuk\u00fcnftigen Planungen im Bert-Brecht-Bildungszentrum. Die Leiterinnen der Volkshochschule und der Stadtbibliothek, Gesa Reisz und Diana Bengel, pr\u00e4sentierten ihre k\u00fcnftigen Schritte auf dem Weg in eine moderne Bildungslandschaft f\u00fcr die traditionsreichen Einrichtungen \u2013 die VHS feiert in diesem Jahr bereits ihr 100-j\u00e4hriges Bestehen.<\/p>\n<p>Am Ende der Klausurtagung schauten sich einige Teilnehmer noch in den R\u00e4umen des Europa-Palastes um, dem ehemaligen Kino im Europahaus an der Els\u00e4sser Stra\u00dfe. Dort starten nun die Renovierungsarbeiten, um diesen Raum zuk\u00fcnftig ebenfalls f\u00fcr kulturelle Aktivit\u00e4ten in der Innenstadt zu nutzen \u2013 nur eines der vielen Themen, die die Oberhausener Kulturpolitiker in diesem Jahr besch\u00e4ftigen werden.<\/p>\n","protected":false},"excerpt":{"rendered":"<p>Gemeinsam mit Vertreterinnen und Vertretern der st\u00e4dtischen Kultureinrichtungen sowie dem Kulturdezernenten und K\u00e4mmerer Apostolos Tsalastras sind die Kulturpolitiker der SPD-Ratsfraktion zu ihrer j\u00e4hrlichen Arbeitsklausur zusammengekommen. Thematisiert wurden in dieser Runde&hellip; <\/p>\n","protected":false},"author":1,"featured_media":0,"comment_status":"closed","ping_status":"closed","sticky":false,"template":"","format":"standard","meta":{"footnotes":""},"categories":[40],"tags":[1418,2869,1839,1838,1840,1304,1837,698,1182],"quellen":[326],"class_list":["post-6110","post","type-post","status-publish","format-standard","hentry","category-kultur","tag-bert-brecht-haus","tag-europa-kino","tag-europa-palast","tag-klausurtagung-ak-kultur","tag-kulturbuero","tag-musikschule","tag-rathaus-sterkrade","tag-stadtbibliothek","tag-vhs","quellen-spd-fraktion-oberhausen"],"_links":{"self":[{"href":"https:\/\/meier-gerdingh.de\/wp-spd-ob\/wp-json\/wp\/v2\/posts\/6110","targetHints":{"allow":["GET"]}}],"collection":[{"href":"https:\/\/meier-gerdingh.de\/wp-spd-ob\/wp-json\/wp\/v2\/posts"}],"about":[{"href":"https:\/\/meier-gerdingh.de\/wp-spd-ob\/wp-json\/wp\/v2\/types\/post"}],"author":[{"embeddable":true,"href":"https:\/\/meier-gerdingh.de\/wp-spd-ob\/wp-json\/wp\/v2\/users\/1"}],"replies":[{"embeddable":true,"href":"https:\/\/meier-gerdingh.de\/wp-spd-ob\/wp-json\/wp\/v2\/comments?post=6110"}],"version-history":[{"count":0,"href":"https:\/\/meier-gerdingh.de\/wp-spd-ob\/wp-json\/wp\/v2\/posts\/6110\/revisions"}],"wp:attachment":[{"href":"https:\/\/meier-gerdingh.de\/wp-spd-ob\/wp-json\/wp\/v2\/media?parent=6110"}],"wp:term":[{"taxonomy":"category","embeddable":true,"href":"https:\/\/meier-gerdingh.de\/wp-spd-ob\/wp-json\/wp\/v2\/categories?post=6110"},{"taxonomy":"post_tag","embeddable":true,"href":"https:\/\/meier-gerdingh.de\/wp-spd-ob\/wp-json\/wp\/v2\/tags?post=6110"},{"taxonomy":"quellen","embeddable":true,"href":"https:\/\/meier-gerdingh.de\/wp-spd-ob\/wp-json\/wp\/v2\/quellen?post=6110"}],"curies":[{"name":"wp","href":"https:\/\/api.w.org\/{rel}","templated":true}]}}